{"id":9016,"date":"2021-04-22T12:33:43","date_gmt":"2021-04-22T10:33:43","guid":{"rendered":"https:\/\/wi.ee\/?p=9016"},"modified":"2021-04-22T12:36:24","modified_gmt":"2021-04-22T10:36:24","slug":"mino-voromaa-34-paremad-kirjatood-on-selgunud","status":"publish","type":"post","link":"https:\/\/wi.ee\/et\/mino-voromaa-34-paremad-kirjatood-on-selgunud\/","title":{"rendered":"&#8221; Mino V\u00f5romaa 34 &#8221; paremad kirjat\u00f6\u00f6d on selgunud"},"content":{"rendered":"<p>Mino V\u00f5romaa\u201c 34. v\u00f5rukeelsete kirjat\u00f6\u00f6de v\u00f5istlusele saadeti 70 t\u00f6\u00f6d.<\/p>\n<p>Paremad kirjat\u00f6\u00f6d valis v\u00e4lja \u017e\u00fcrii, kuhu kuulusid Aimi Hollo Kreutzwaldi muuseumist, Helle Laanpere V\u00f5ru lasteraamatukogust, Uma Lehe peatoimetaja Jan Rahman, v\u00f5rokesest \u00f5petaja Helju Sarapuu N\u00f5o p\u00f5hikoolist ja Hell\u00e4 Iva Tartu Waldorfi g\u00fcmnaasiumist.<\/p>\n<p>Paremad v\u00f5istlust\u00f6\u00f6d pannakse 10. maiks 2021 \u00fcles V\u00f5ru instituudi kodulehele. Auhinnad toimetatakse parematele kirjutajatele k\u00e4tte maikuu jooksul.<\/p>\n<p>&nbsp;<\/p>\n<p><strong>Paremad kirjutajad<\/strong><\/p>\n<p><strong>1.\u20133. klassi vanuser\u00fchmas<\/strong><\/p>\n<p>I Els Aaspere, \u201eArmastust otsman\u201c (K\u00e4\u00e4pa p\u00f5hikool, 3. klass, juh Jana K\u00e4hr)<\/p>\n<p>II\u2013III Ilo Laan, \u201eK\u00f5g\u00f5 par\u00f5mb kingit\u00fcs\u201c (Tilsi p\u00f5hikool, 3. klass, juh Eve H\u00fctt)<\/p>\n<p>Marleen L\u00e4nik, \u201eK\u00f5g\u00f5 par\u00f5mb kingit\u00fcs\u201c (M\u00f5niste kool, 3. klass, juh Asta Pazuhanit\u0161)<\/p>\n<p><span style=\"color: #993366;\">Eripreemiad:<\/span><\/p>\n<p>Karoliine Lutsar, \u201eKevv\u00e4i\u201c (Tilsi p\u00f5hikool, 1. klass, juh Astrid Lind)<\/p>\n<p>Teele Lindenberg, \u201eMu kassik\u00f5n\u00f5\u201c (M\u00f5niste kool, 3. klass, juh Asta Pazuhanit\u0161)<\/p>\n<p>&nbsp;<\/p>\n<p><strong>4.\u20136. klassi vanuser\u00fchmas<\/strong><\/p>\n<p>I Maritte Arianne Plaado, \u201eKodust\u00f5t kits\u00f5tall\u201c (Viluste p\u00f5hikool, 6. klass, juh Hedy Saar)<\/p>\n<p>II\u2013IV Ernst Jaak Liivat Uba, \u201eMille kahru talv\u00f5und makass\u00f5\u201c (Haanja kool, 4. klass, juh Kersti Leit)<\/p>\n<p>Liisbet R\u00f5\u00f5musoks, \u201eKev\u00e4j\u00e4t otsman\u201c (Haanja kool, 6. klass, juh Kersti Leit)<\/p>\n<p>Lisanna Henning, \u201eTerv\u00fcseretsept\u201c (V\u00f5ru Kreutzwaldi kool, 5. klass, juh Helena Linnam\u00e4e)<\/p>\n<p><span style=\"color: #993366;\">Eripreemiad:<\/span><\/p>\n<p>Erik Hendrik Liivat Uba, \u201eLumi ja lump\u201c (Haanja kool, 4. klass, juh Kersti Leit)<\/p>\n<p>Kerdo Murde, \u201eElevant tekse pallo nalla\u201c (Parksepa keskkool, 4. klass, juh Ene K\u00e4rg)<\/p>\n<p>Tanel Reiljan, \u201eKiri oppajal\u00f5\u201c (V\u00f5ru Kreutzwaldi kool, 5. klass, juh Helena Linnam\u00e4e)<\/p>\n<p>Ralf Veri, \u201eK\u00f5ik om h\u00e4\u00e4, mis h\u00e4ste l\u00f5p\u00f5s\u201c (V\u00f5ru Kreutzwaldi kool, 5. klass, juh Helena Linnam\u00e4e)<\/p>\n<p>Emma Meri, \u201eTul\u00f5vigu v\u00e4rehtin\u201c<\/p>\n<p>Ell Juhani, \u201eLipp lipi p\u00e4\u00e4l, lapp lapi p\u00e4\u00e4l, ilma n\u00f5kla tsuskmalda\u201c (Tallinna Mustam\u00e4e g\u00fcmnaasium, 4. klass)<\/p>\n<p>Marten Sirendi, \u201e\u00d5gal tsirgul uma laul\u201c (Mikitam\u00e4e kool, 6. klass, juh Vello J\u00fcri\u00f6\u00f6)<\/p>\n<p>&nbsp;<\/p>\n<p><strong>7.\u20139. klassi vanuser\u00fchmas<\/strong><\/p>\n<p>I Taavi Vegner, \u201eAndsak uni\u201c (Viluste p\u00f5hikool, 9. klass, juh Hedy Saar)<\/p>\n<p>II Hendri Toobre, \u201eK\u00f5g\u00f5 par\u00f5mb kingit\u00fcs\u201c (V\u00e4rska g\u00fcmnaasium, 7. klass, juh Tiina Purik)<\/p>\n<p>III Leenu Priks, \u201eKuis ma hinn\u00e4st t\u00f5pi vasta kaidsa\u201c (V\u00e4rska g\u00fcmnaasium, 7. klass, juh Maret Vabarna)<\/p>\n<p><span style=\"color: #993366;\">Eripreemiad:<\/span><\/p>\n<p>Kleer Vodi, \u201eMa ja m\u00f5ts\u201c (Haanja kool, 7. klass, juh Kersti Leit)<\/p>\n<p>Ragnar Ilves, \u201eKodominek\u201c (Viluste p\u00f5hikool, 9. klass, juh Hedy Saar)<\/p>\n<p>Kevin Vissel, \u201eKardohka-suurmapud\u00f5r\u201c (Viluste p\u00f5hikool, 9. klass, juh Hedy Saar)<\/p>\n<p>Toni-Marten Riik, \u201eK\u00f5g\u00f5 par\u00f5mb kingit\u00fcs\u201c (V\u00e4rska g\u00fcmnaasium, 8. klass, juh Tiina Purik)<\/p>\n<p>&nbsp;<\/p>\n<p><strong>10.\u201312. klassi vanuser\u00fchmas<\/strong><\/p>\n<p>I Melany-Regle Langus, \u201eIkk\u00f5 vai naarda \u2013 in\u00e4mp ei tii\u00e4ki\u201c (Vastseliina g\u00fcmnaasium, 12. klass, juh Tiia Allas)<\/p>\n<p>II Hanna-Liina Kunnus, \u201eVeskilk\u00e4\u00fck\u201c (Vastseliina g\u00fcmnaasium, 12. klass, Tiia Allas)<\/p>\n<p>III Karmen Kauss, \u201eK\u00f5g\u00f5 par\u00f5mb kingit\u00fcs\u201c (Vastseliina g\u00fcmnaasium, 12. klass, juh Tiia Allas)<\/p>\n<p><span style=\"color: #993366;\">Eripreemia:<\/span><\/p>\n<p>Hanno-Laur Kunnus, \u201eElost hind\u00e4st\u201c (Vastseliina g\u00fcmnaasium, 12. klass, juh Tiia Allas)<\/p>\n<p>&nbsp;<\/p>\n<p>&nbsp;<\/p>\n<p>&nbsp;<\/p>\n","protected":false},"excerpt":{"rendered":"<p>Mino V\u00f5romaa\u201c 34. v\u00f5rukeelsete kirjat\u00f6\u00f6de v\u00f5istlusele saadeti 70 t\u00f6\u00f6d. Paremad kirjat\u00f6\u00f6d valis v\u00e4lja \u017e\u00fcrii, kuhu kuulusid Aimi Hollo Kreutzwaldi muuseumist, Helle Laanpere V\u00f5ru lasteraamatukogust, Uma Lehe peatoimetaja Jan Rahman, v\u00f5rokesest \u00f5petaja Helju Sarapuu N\u00f5o p\u00f5hikoolist ja Hell\u00e4 Iva Tartu Waldorfi g\u00fcmnaasiumist. Paremad v\u00f5istlust\u00f6\u00f6d pannakse 10. maiks 2021 \u00fcles V\u00f5ru instituudi kodulehele. Auhinnad toimetatakse parematele kirjutajatele [&hellip;]<\/p>\n","protected":false},"author":2,"featured_media":0,"comment_status":"closed","ping_status":"open","sticky":false,"template":"","format":"standard","meta":{"_acf_changed":false,"footnotes":""},"categories":[17],"tags":[],"class_list":["post-9016","post","type-post","status-publish","format-standard","hentry","category-uncategorized-et"],"acf":[],"yoast_head":"<!-- This site is optimized with the Yoast SEO plugin v27.4 - https:\/\/yoast.com\/product\/yoast-seo-wordpress\/ -->\n<title>&quot; Mino V\u00f5romaa 34 &quot; paremad kirjat\u00f6\u00f6d on selgunud - V\u00f5ru Instituut<\/title>\n<meta name=\"robots\" content=\"index, follow, max-snippet:-1, max-image-preview:large, max-video-preview:-1\" \/>\n<link rel=\"canonical\" href=\"https:\/\/wi.ee\/et\/mino-voromaa-34-paremad-kirjatood-on-selgunud\/\" \/>\n<meta property=\"og:locale\" content=\"et_EE\" \/>\n<meta property=\"og:type\" content=\"article\" \/>\n<meta property=\"og:title\" content=\"&quot; Mino V\u00f5romaa 34 &quot; paremad kirjat\u00f6\u00f6d on selgunud - V\u00f5ru Instituut\" \/>\n<meta property=\"og:description\" content=\"Mino V\u00f5romaa\u201c 34. v\u00f5rukeelsete kirjat\u00f6\u00f6de v\u00f5istlusele saadeti 70 t\u00f6\u00f6d. Paremad kirjat\u00f6\u00f6d valis v\u00e4lja \u017e\u00fcrii, kuhu kuulusid Aimi Hollo Kreutzwaldi muuseumist, Helle Laanpere V\u00f5ru lasteraamatukogust, Uma Lehe peatoimetaja Jan Rahman, v\u00f5rokesest \u00f5petaja Helju Sarapuu N\u00f5o p\u00f5hikoolist ja Hell\u00e4 Iva Tartu Waldorfi g\u00fcmnaasiumist. Paremad v\u00f5istlust\u00f6\u00f6d pannakse 10. maiks 2021 \u00fcles V\u00f5ru instituudi kodulehele. Auhinnad toimetatakse parematele kirjutajatele [&hellip;]\" \/>\n<meta property=\"og:url\" content=\"https:\/\/wi.ee\/et\/mino-voromaa-34-paremad-kirjatood-on-selgunud\/\" \/>\n<meta property=\"og:site_name\" content=\"V\u00f5ru Instituut\" \/>\n<meta property=\"article:publisher\" content=\"https:\/\/www.facebook.com\/VoroInstituut\" \/>\n<meta property=\"article:published_time\" content=\"2021-04-22T10:33:43+00:00\" \/>\n<meta property=\"article:modified_time\" content=\"2021-04-22T10:36:24+00:00\" \/>\n<meta property=\"og:image\" content=\"https:\/\/wi.ee\/wp-content\/uploads\/2015\/05\/logo-150507.png\" \/>\n\t<meta property=\"og:image:width\" content=\"183\" \/>\n\t<meta property=\"og:image:height\" content=\"123\" \/>\n\t<meta property=\"og:image:type\" content=\"image\/png\" \/>\n<meta name=\"author\" content=\"instituut\" \/>\n<meta name=\"twitter:label1\" content=\"Written by\" \/>\n\t<meta name=\"twitter:data1\" content=\"instituut\" \/>\n\t<meta name=\"twitter:label2\" content=\"Est. reading time\" \/>\n\t<meta name=\"twitter:data2\" content=\"2 minutit\" \/>\n<script type=\"application\/ld+json\" class=\"yoast-schema-graph\">{\"@context\":\"https:\\\/\\\/schema.org\",\"@graph\":[{\"@type\":\"Article\",\"@id\":\"https:\\\/\\\/wi.ee\\\/et\\\/mino-voromaa-34-paremad-kirjatood-on-selgunud\\\/#article\",\"isPartOf\":{\"@id\":\"https:\\\/\\\/wi.ee\\\/et\\\/mino-voromaa-34-paremad-kirjatood-on-selgunud\\\/\"},\"author\":{\"name\":\"instituut\",\"@id\":\"https:\\\/\\\/wi.ee\\\/et\\\/#\\\/schema\\\/person\\\/b81dc5c58127a4dd03edf577f75f8128\"},\"headline\":\"&#8221; Mino V\u00f5romaa 34 &#8221; paremad kirjat\u00f6\u00f6d on selgunud\",\"datePublished\":\"2021-04-22T10:33:43+00:00\",\"dateModified\":\"2021-04-22T10:36:24+00:00\",\"mainEntityOfPage\":{\"@id\":\"https:\\\/\\\/wi.ee\\\/et\\\/mino-voromaa-34-paremad-kirjatood-on-selgunud\\\/\"},\"wordCount\":486,\"publisher\":{\"@id\":\"https:\\\/\\\/wi.ee\\\/et\\\/#organization\"},\"articleSection\":[\"Uncategorized\"],\"inLanguage\":\"et\"},{\"@type\":\"WebPage\",\"@id\":\"https:\\\/\\\/wi.ee\\\/et\\\/mino-voromaa-34-paremad-kirjatood-on-selgunud\\\/\",\"url\":\"https:\\\/\\\/wi.ee\\\/et\\\/mino-voromaa-34-paremad-kirjatood-on-selgunud\\\/\",\"name\":\"\\\" Mino V\u00f5romaa 34 \\\" paremad kirjat\u00f6\u00f6d on selgunud - V\u00f5ru Instituut\",\"isPartOf\":{\"@id\":\"https:\\\/\\\/wi.ee\\\/et\\\/#website\"},\"datePublished\":\"2021-04-22T10:33:43+00:00\",\"dateModified\":\"2021-04-22T10:36:24+00:00\",\"breadcrumb\":{\"@id\":\"https:\\\/\\\/wi.ee\\\/et\\\/mino-voromaa-34-paremad-kirjatood-on-selgunud\\\/#breadcrumb\"},\"inLanguage\":\"et\",\"potentialAction\":[{\"@type\":\"ReadAction\",\"target\":[\"https:\\\/\\\/wi.ee\\\/et\\\/mino-voromaa-34-paremad-kirjatood-on-selgunud\\\/\"]}]},{\"@type\":\"BreadcrumbList\",\"@id\":\"https:\\\/\\\/wi.ee\\\/et\\\/mino-voromaa-34-paremad-kirjatood-on-selgunud\\\/#breadcrumb\",\"itemListElement\":[{\"@type\":\"ListItem\",\"position\":1,\"name\":\"Avaleht\",\"item\":\"https:\\\/\\\/wi.ee\\\/et\\\/\"},{\"@type\":\"ListItem\",\"position\":2,\"name\":\"&#8221; Mino V\u00f5romaa 34 &#8221; paremad kirjat\u00f6\u00f6d on selgunud\"}]},{\"@type\":\"WebSite\",\"@id\":\"https:\\\/\\\/wi.ee\\\/et\\\/#website\",\"url\":\"https:\\\/\\\/wi.ee\\\/et\\\/\",\"name\":\"V\u00f5ru Instituut\",\"description\":\"\",\"publisher\":{\"@id\":\"https:\\\/\\\/wi.ee\\\/et\\\/#organization\"},\"potentialAction\":[{\"@type\":\"SearchAction\",\"target\":{\"@type\":\"EntryPoint\",\"urlTemplate\":\"https:\\\/\\\/wi.ee\\\/et\\\/?s={search_term_string}\"},\"query-input\":{\"@type\":\"PropertyValueSpecification\",\"valueRequired\":true,\"valueName\":\"search_term_string\"}}],\"inLanguage\":\"et\"},{\"@type\":\"Organization\",\"@id\":\"https:\\\/\\\/wi.ee\\\/et\\\/#organization\",\"name\":\"V\u00f5ru Instituut\",\"url\":\"https:\\\/\\\/wi.ee\\\/et\\\/\",\"logo\":{\"@type\":\"ImageObject\",\"inLanguage\":\"et\",\"@id\":\"https:\\\/\\\/wi.ee\\\/et\\\/#\\\/schema\\\/logo\\\/image\\\/\",\"url\":\"https:\\\/\\\/wi.ee\\\/wp-content\\\/uploads\\\/2015\\\/05\\\/logo-150507.png\",\"contentUrl\":\"https:\\\/\\\/wi.ee\\\/wp-content\\\/uploads\\\/2015\\\/05\\\/logo-150507.png\",\"width\":183,\"height\":123,\"caption\":\"V\u00f5ru Instituut\"},\"image\":{\"@id\":\"https:\\\/\\\/wi.ee\\\/et\\\/#\\\/schema\\\/logo\\\/image\\\/\"},\"sameAs\":[\"https:\\\/\\\/www.facebook.com\\\/VoroInstituut\"]},{\"@type\":\"Person\",\"@id\":\"https:\\\/\\\/wi.ee\\\/et\\\/#\\\/schema\\\/person\\\/b81dc5c58127a4dd03edf577f75f8128\",\"name\":\"instituut\",\"image\":{\"@type\":\"ImageObject\",\"inLanguage\":\"et\",\"@id\":\"https:\\\/\\\/secure.gravatar.com\\\/avatar\\\/4d2b28afe96e9e7a5287e9f19b544b1f32a7bd8ddebcde1d69a5ebed74bbeed6?s=96&d=mm&r=g\",\"url\":\"https:\\\/\\\/secure.gravatar.com\\\/avatar\\\/4d2b28afe96e9e7a5287e9f19b544b1f32a7bd8ddebcde1d69a5ebed74bbeed6?s=96&d=mm&r=g\",\"contentUrl\":\"https:\\\/\\\/secure.gravatar.com\\\/avatar\\\/4d2b28afe96e9e7a5287e9f19b544b1f32a7bd8ddebcde1d69a5ebed74bbeed6?s=96&d=mm&r=g\",\"caption\":\"instituut\"},\"url\":\"https:\\\/\\\/wi.ee\\\/et\\\/author\\\/instituut\\\/\"}]}<\/script>\n<!-- \/ Yoast SEO plugin. -->","yoast_head_json":{"title":"\" Mino V\u00f5romaa 34 \" paremad kirjat\u00f6\u00f6d on selgunud - V\u00f5ru Instituut","robots":{"index":"index","follow":"follow","max-snippet":"max-snippet:-1","max-image-preview":"max-image-preview:large","max-video-preview":"max-video-preview:-1"},"canonical":"https:\/\/wi.ee\/et\/mino-voromaa-34-paremad-kirjatood-on-selgunud\/","og_locale":"et_EE","og_type":"article","og_title":"\" Mino V\u00f5romaa 34 \" paremad kirjat\u00f6\u00f6d on selgunud - V\u00f5ru Instituut","og_description":"Mino V\u00f5romaa\u201c 34. v\u00f5rukeelsete kirjat\u00f6\u00f6de v\u00f5istlusele saadeti 70 t\u00f6\u00f6d. Paremad kirjat\u00f6\u00f6d valis v\u00e4lja \u017e\u00fcrii, kuhu kuulusid Aimi Hollo Kreutzwaldi muuseumist, Helle Laanpere V\u00f5ru lasteraamatukogust, Uma Lehe peatoimetaja Jan Rahman, v\u00f5rokesest \u00f5petaja Helju Sarapuu N\u00f5o p\u00f5hikoolist ja Hell\u00e4 Iva Tartu Waldorfi g\u00fcmnaasiumist. Paremad v\u00f5istlust\u00f6\u00f6d pannakse 10. maiks 2021 \u00fcles V\u00f5ru instituudi kodulehele. Auhinnad toimetatakse parematele kirjutajatele [&hellip;]","og_url":"https:\/\/wi.ee\/et\/mino-voromaa-34-paremad-kirjatood-on-selgunud\/","og_site_name":"V\u00f5ru Instituut","article_publisher":"https:\/\/www.facebook.com\/VoroInstituut","article_published_time":"2021-04-22T10:33:43+00:00","article_modified_time":"2021-04-22T10:36:24+00:00","og_image":[{"width":183,"height":123,"url":"https:\/\/wi.ee\/wp-content\/uploads\/2015\/05\/logo-150507.png","type":"image\/png"}],"author":"instituut","twitter_misc":{"Written by":"instituut","Est. reading time":"2 minutit"},"schema":{"@context":"https:\/\/schema.org","@graph":[{"@type":"Article","@id":"https:\/\/wi.ee\/et\/mino-voromaa-34-paremad-kirjatood-on-selgunud\/#article","isPartOf":{"@id":"https:\/\/wi.ee\/et\/mino-voromaa-34-paremad-kirjatood-on-selgunud\/"},"author":{"name":"instituut","@id":"https:\/\/wi.ee\/et\/#\/schema\/person\/b81dc5c58127a4dd03edf577f75f8128"},"headline":"&#8221; Mino V\u00f5romaa 34 &#8221; paremad kirjat\u00f6\u00f6d on selgunud","datePublished":"2021-04-22T10:33:43+00:00","dateModified":"2021-04-22T10:36:24+00:00","mainEntityOfPage":{"@id":"https:\/\/wi.ee\/et\/mino-voromaa-34-paremad-kirjatood-on-selgunud\/"},"wordCount":486,"publisher":{"@id":"https:\/\/wi.ee\/et\/#organization"},"articleSection":["Uncategorized"],"inLanguage":"et"},{"@type":"WebPage","@id":"https:\/\/wi.ee\/et\/mino-voromaa-34-paremad-kirjatood-on-selgunud\/","url":"https:\/\/wi.ee\/et\/mino-voromaa-34-paremad-kirjatood-on-selgunud\/","name":"\" Mino V\u00f5romaa 34 \" paremad kirjat\u00f6\u00f6d on selgunud - V\u00f5ru Instituut","isPartOf":{"@id":"https:\/\/wi.ee\/et\/#website"},"datePublished":"2021-04-22T10:33:43+00:00","dateModified":"2021-04-22T10:36:24+00:00","breadcrumb":{"@id":"https:\/\/wi.ee\/et\/mino-voromaa-34-paremad-kirjatood-on-selgunud\/#breadcrumb"},"inLanguage":"et","potentialAction":[{"@type":"ReadAction","target":["https:\/\/wi.ee\/et\/mino-voromaa-34-paremad-kirjatood-on-selgunud\/"]}]},{"@type":"BreadcrumbList","@id":"https:\/\/wi.ee\/et\/mino-voromaa-34-paremad-kirjatood-on-selgunud\/#breadcrumb","itemListElement":[{"@type":"ListItem","position":1,"name":"Avaleht","item":"https:\/\/wi.ee\/et\/"},{"@type":"ListItem","position":2,"name":"&#8221; Mino V\u00f5romaa 34 &#8221; paremad kirjat\u00f6\u00f6d on selgunud"}]},{"@type":"WebSite","@id":"https:\/\/wi.ee\/et\/#website","url":"https:\/\/wi.ee\/et\/","name":"V\u00f5ru Instituut","description":"","publisher":{"@id":"https:\/\/wi.ee\/et\/#organization"},"potentialAction":[{"@type":"SearchAction","target":{"@type":"EntryPoint","urlTemplate":"https:\/\/wi.ee\/et\/?s={search_term_string}"},"query-input":{"@type":"PropertyValueSpecification","valueRequired":true,"valueName":"search_term_string"}}],"inLanguage":"et"},{"@type":"Organization","@id":"https:\/\/wi.ee\/et\/#organization","name":"V\u00f5ru Instituut","url":"https:\/\/wi.ee\/et\/","logo":{"@type":"ImageObject","inLanguage":"et","@id":"https:\/\/wi.ee\/et\/#\/schema\/logo\/image\/","url":"https:\/\/wi.ee\/wp-content\/uploads\/2015\/05\/logo-150507.png","contentUrl":"https:\/\/wi.ee\/wp-content\/uploads\/2015\/05\/logo-150507.png","width":183,"height":123,"caption":"V\u00f5ru Instituut"},"image":{"@id":"https:\/\/wi.ee\/et\/#\/schema\/logo\/image\/"},"sameAs":["https:\/\/www.facebook.com\/VoroInstituut"]},{"@type":"Person","@id":"https:\/\/wi.ee\/et\/#\/schema\/person\/b81dc5c58127a4dd03edf577f75f8128","name":"instituut","image":{"@type":"ImageObject","inLanguage":"et","@id":"https:\/\/secure.gravatar.com\/avatar\/4d2b28afe96e9e7a5287e9f19b544b1f32a7bd8ddebcde1d69a5ebed74bbeed6?s=96&d=mm&r=g","url":"https:\/\/secure.gravatar.com\/avatar\/4d2b28afe96e9e7a5287e9f19b544b1f32a7bd8ddebcde1d69a5ebed74bbeed6?s=96&d=mm&r=g","contentUrl":"https:\/\/secure.gravatar.com\/avatar\/4d2b28afe96e9e7a5287e9f19b544b1f32a7bd8ddebcde1d69a5ebed74bbeed6?s=96&d=mm&r=g","caption":"instituut"},"url":"https:\/\/wi.ee\/et\/author\/instituut\/"}]}},"_links":{"self":[{"href":"https:\/\/wi.ee\/et\/wp-json\/wp\/v2\/posts\/9016","targetHints":{"allow":["GET"]}}],"collection":[{"href":"https:\/\/wi.ee\/et\/wp-json\/wp\/v2\/posts"}],"about":[{"href":"https:\/\/wi.ee\/et\/wp-json\/wp\/v2\/types\/post"}],"author":[{"embeddable":true,"href":"https:\/\/wi.ee\/et\/wp-json\/wp\/v2\/users\/2"}],"replies":[{"embeddable":true,"href":"https:\/\/wi.ee\/et\/wp-json\/wp\/v2\/comments?post=9016"}],"version-history":[{"count":3,"href":"https:\/\/wi.ee\/et\/wp-json\/wp\/v2\/posts\/9016\/revisions"}],"predecessor-version":[{"id":9019,"href":"https:\/\/wi.ee\/et\/wp-json\/wp\/v2\/posts\/9016\/revisions\/9019"}],"wp:attachment":[{"href":"https:\/\/wi.ee\/et\/wp-json\/wp\/v2\/media?parent=9016"}],"wp:term":[{"taxonomy":"category","embeddable":true,"href":"https:\/\/wi.ee\/et\/wp-json\/wp\/v2\/categories?post=9016"},{"taxonomy":"post_tag","embeddable":true,"href":"https:\/\/wi.ee\/et\/wp-json\/wp\/v2\/tags?post=9016"}],"curies":[{"name":"wp","href":"https:\/\/api.w.org\/{rel}","templated":true}]}}