{"id":8535,"date":"2021-03-22T11:38:44","date_gmt":"2021-03-22T09:38:44","guid":{"rendered":"https:\/\/wi.ee\/?p=8535"},"modified":"2021-03-23T10:48:11","modified_gmt":"2021-03-23T08:48:11","slug":"ilmunud-on-esimene-vorukeelne-opik-opiqu-keskkonnas","status":"publish","type":"post","link":"https:\/\/wi.ee\/et\/ilmunud-on-esimene-vorukeelne-opik-opiqu-keskkonnas\/","title":{"rendered":"Ilmunud on esimene v\u00f5rukeelne \u00f5pik Opiqu keskkonnas"},"content":{"rendered":"<p>Opiqu digi\u00f5pikute perre on lisandunud esimene v\u00f5rukeelne \u00f5pik \u2013 \u201eLuudusoppus noor\u00f5mbal\u00f5 koolii\u00e4le\u201c. Tegu on 2011. aastal ilmunud \u00f5ppematerjali \u201eLoodus\u00f5petuse t\u00f6\u00f6raamat 1. klassile 1. osa\u201c (autorid A. Saar, H. Karik, K. Sirel) t\u00f5lkega.<\/p>\n<p>T\u00f6\u00f6raamatu 1. osas on 38 peat\u00fckki ning 114 \u00fclesannet. Raamatu alguses tutvutakse erinevate keskkondadega (kool, linn, talu, mets, aed, turg), seej\u00e4rel \u00f5pitakse tundma aastaaegu, taimi, loomi, t\u00f6\u00f6riistu ja t\u00f6id, v\u00e4rve ning esemete suurust ja raskust. \u00d5piku l\u00f5puosas k\u00e4sitletakse loomade ja taimede kasvamist, inimese kasvamist ja arengut ning viit meelt.<\/p>\n<p>V\u00f5rukeelne t\u00f6\u00f6raamat on ilmunud kolmes erinevas kirjaviisis, nii et iga kasutaja saab valida endale meelep\u00e4raseima variandi. \u00dches \u00f5ppematerjalis on m\u00e4rgitud palatalisatsioon ja k\u00f5risulgh\u00e4\u00e4lik on t\u00e4histatud \u00fclakomaga, teises on m\u00e4rgitud palatalisatsioon ja k\u00f5risulgh\u00e4\u00e4lik on t\u00e4histatud <em>q<\/em>-t\u00e4hega ning kolmandas variandis ei ole \u00fchtegi m\u00e4rki ei palatalisatsiooni ega k\u00f5risulgh\u00e4\u00e4liku kohta.<\/p>\n<p>V\u00f5rukeelse \u00f5piku suureks plussiks on see, et \u00f5ppetekst ja k\u00f5ik t\u00f6\u00f6k\u00e4sklused on sisse loetud. Kokku on ligi 200 helifaili, mille abil saab \u00f5ppija \u00fcle kontrollida s\u00f5nade \u00f5ige h\u00e4\u00e4lduse ja kuulata kaunist v\u00f5ru keelt.<\/p>\n<p>\u00d5ppematerjali on v\u00f5ru keelde t\u00f5lkinud Urmas Kalla, keeletoimetuse tegid Urmas Kalla ja Sulev Iva, sisu toimetas Triin Nagel, v\u00f5rukeelsed t\u00f6\u00f6k\u00e4sklused luges sisse Tuul\u00f5 Iva ning \u00fclesandeid t\u00e4iendasid ja lisasid Triin Nagel, Marju Lepasson, Tiia Allas ja Urmas Kalla.<\/p>\n<ol start=\"2021\">\n<li>aasta kevadel ilmub ka v\u00f5rukeelse t\u00f6\u00f6raamatu 2. osa.<\/li>\n<\/ol>\n<p>Opiq.ee on digi\u00f5pikute keskkond, mida saavad kasutada nii koolid kui ka k\u00f5ik huvilised. Lisaks Stuudiumi ja e-Kooli kaudu konto loomisele on v\u00f5imalik endale kasutajakonto teha meiliaadressiga. See on lapsevanemate jaoks suurep\u00e4rane v\u00f5imalus \u00f5petada oma lastele v\u00f5ru keelt ja loodus\u00f5petust v\u00f5ru keeles \u00fcksk\u00f5ik kus ja millal ning s\u00f5ltumata sellest, millises koolis laps k\u00e4ib. \u00d5petajad \u00fcle Eesti saavad selle t\u00f6\u00f6raamatu abil h\u00f5lpsasti tutvustada meie \u00fcht p\u00f5list ja paikkondlikku keelt ning seda, kuidas v\u00f5ru keelt kirjutatakse ja k\u00f5neldakse.<\/p>\n<p>Hetkel on Opiqu varamus 348 \u00f5ppematerjali ning \u00f5ppeaasta l\u00f5puni on Opiq koolidele tasuta. <a href=\"https:\/\/www.opiq.ee\/Search\/Kits\">https:\/\/www.opiq.ee\/Search\/Kits<\/a><\/p>\n<p>\u201eLuudusoppus noor\u00f5mbal\u00f5 koolii\u00e4le\u201c: <a href=\"https:\/\/www.opiq.ee\/Kit\/Details\/348\">https:\/\/www.opiq.ee\/Kit\/Details\/348<\/a> v\u00f5i<\/p>\n<p><a href=\"https:\/\/www.opiq.ee\/Kit\/Details\/349\">https:\/\/www.opiq.ee\/Kit\/Details\/349<\/a> v\u00f5i <a href=\"https:\/\/www.opiq.ee\/Kit\/Details\/350\">https:\/\/www.opiq.ee\/Kit\/Details\/350<\/a><\/p>\n<p>Opiqu kasutamise tutvustus: <a href=\"https:\/\/www.youtube.com\/watch?v=eORvN88zRoY\">https:\/\/www.youtube.com\/watch?v=eORvN88zRoY<\/a><\/p>\n<p>&nbsp;<\/p>\n<p>Lisainfo:<\/p>\n<p>Triin Nagel<\/p>\n<p>V\u00f5ru Instituudi projektijuht<\/p>\n<p>5531700, <a href=\"&#x6d;&#97;i&#x6c;&#x74;&#111;:&#x74;&#x72;&#105;i&#x6e;&#x2e;&#110;a&#x67;&#x65;&#108;&#64;&#x77;&#105;&#46;e&#x65;\">&#116;&#x72;i&#105;&#x6e;&#46;&#110;&#x61;g&#x65;&#x6c;&#64;&#x77;i&#46;&#x65;e<\/a><\/p>\n","protected":false},"excerpt":{"rendered":"<p>Opiqu digi\u00f5pikute perre on lisandunud esimene v\u00f5rukeelne \u00f5pik \u2013 \u201eLuudusoppus noor\u00f5mbal\u00f5 koolii\u00e4le\u201c. Tegu on 2011. aastal ilmunud \u00f5ppematerjali \u201eLoodus\u00f5petuse t\u00f6\u00f6raamat 1. klassile 1. osa\u201c (autorid A. Saar, H. Karik, K. Sirel) t\u00f5lkega. T\u00f6\u00f6raamatu 1. osas on 38 peat\u00fckki ning 114 \u00fclesannet. Raamatu alguses tutvutakse erinevate keskkondadega (kool, linn, talu, mets, aed, turg), seej\u00e4rel \u00f5pitakse tundma [&hellip;]<\/p>\n","protected":false},"author":2,"featured_media":0,"comment_status":"closed","ping_status":"open","sticky":false,"template":"","format":"standard","meta":{"_acf_changed":false,"footnotes":""},"categories":[17],"tags":[],"class_list":["post-8535","post","type-post","status-publish","format-standard","hentry","category-uncategorized-et"],"acf":[],"yoast_head":"<!-- This site is optimized with the Yoast SEO plugin v27.4 - https:\/\/yoast.com\/product\/yoast-seo-wordpress\/ -->\n<title>Ilmunud on esimene v\u00f5rukeelne \u00f5pik Opiqu keskkonnas - V\u00f5ru Instituut<\/title>\n<meta name=\"robots\" content=\"index, follow, max-snippet:-1, max-image-preview:large, max-video-preview:-1\" \/>\n<link rel=\"canonical\" href=\"https:\/\/wi.ee\/et\/ilmunud-on-esimene-vorukeelne-opik-opiqu-keskkonnas\/\" \/>\n<meta property=\"og:locale\" content=\"et_EE\" \/>\n<meta property=\"og:type\" content=\"article\" \/>\n<meta property=\"og:title\" content=\"Ilmunud on esimene v\u00f5rukeelne \u00f5pik Opiqu keskkonnas - V\u00f5ru Instituut\" \/>\n<meta property=\"og:description\" content=\"Opiqu digi\u00f5pikute perre on lisandunud esimene v\u00f5rukeelne \u00f5pik \u2013 \u201eLuudusoppus noor\u00f5mbal\u00f5 koolii\u00e4le\u201c. Tegu on 2011. aastal ilmunud \u00f5ppematerjali \u201eLoodus\u00f5petuse t\u00f6\u00f6raamat 1. klassile 1. osa\u201c (autorid A. Saar, H. Karik, K. Sirel) t\u00f5lkega. T\u00f6\u00f6raamatu 1. osas on 38 peat\u00fckki ning 114 \u00fclesannet. Raamatu alguses tutvutakse erinevate keskkondadega (kool, linn, talu, mets, aed, turg), seej\u00e4rel \u00f5pitakse tundma [&hellip;]\" \/>\n<meta property=\"og:url\" content=\"https:\/\/wi.ee\/et\/ilmunud-on-esimene-vorukeelne-opik-opiqu-keskkonnas\/\" \/>\n<meta property=\"og:site_name\" content=\"V\u00f5ru Instituut\" \/>\n<meta property=\"article:publisher\" content=\"https:\/\/www.facebook.com\/VoroInstituut\" \/>\n<meta property=\"article:published_time\" content=\"2021-03-22T09:38:44+00:00\" \/>\n<meta property=\"article:modified_time\" content=\"2021-03-23T08:48:11+00:00\" \/>\n<meta property=\"og:image\" content=\"https:\/\/wi.ee\/wp-content\/uploads\/2015\/05\/logo-150507.png\" \/>\n\t<meta property=\"og:image:width\" content=\"183\" \/>\n\t<meta property=\"og:image:height\" content=\"123\" \/>\n\t<meta property=\"og:image:type\" content=\"image\/png\" \/>\n<meta name=\"author\" content=\"instituut\" \/>\n<meta name=\"twitter:label1\" content=\"Written by\" \/>\n\t<meta name=\"twitter:data1\" content=\"instituut\" \/>\n\t<meta name=\"twitter:label2\" content=\"Est. reading time\" \/>\n\t<meta name=\"twitter:data2\" content=\"2 minutit\" \/>\n<script type=\"application\/ld+json\" class=\"yoast-schema-graph\">{\"@context\":\"https:\\\/\\\/schema.org\",\"@graph\":[{\"@type\":\"Article\",\"@id\":\"https:\\\/\\\/wi.ee\\\/et\\\/ilmunud-on-esimene-vorukeelne-opik-opiqu-keskkonnas\\\/#article\",\"isPartOf\":{\"@id\":\"https:\\\/\\\/wi.ee\\\/et\\\/ilmunud-on-esimene-vorukeelne-opik-opiqu-keskkonnas\\\/\"},\"author\":{\"name\":\"instituut\",\"@id\":\"https:\\\/\\\/wi.ee\\\/et\\\/#\\\/schema\\\/person\\\/b81dc5c58127a4dd03edf577f75f8128\"},\"headline\":\"Ilmunud on esimene v\u00f5rukeelne \u00f5pik Opiqu keskkonnas\",\"datePublished\":\"2021-03-22T09:38:44+00:00\",\"dateModified\":\"2021-03-23T08:48:11+00:00\",\"mainEntityOfPage\":{\"@id\":\"https:\\\/\\\/wi.ee\\\/et\\\/ilmunud-on-esimene-vorukeelne-opik-opiqu-keskkonnas\\\/\"},\"wordCount\":412,\"publisher\":{\"@id\":\"https:\\\/\\\/wi.ee\\\/et\\\/#organization\"},\"articleSection\":[\"Uncategorized\"],\"inLanguage\":\"et\"},{\"@type\":\"WebPage\",\"@id\":\"https:\\\/\\\/wi.ee\\\/et\\\/ilmunud-on-esimene-vorukeelne-opik-opiqu-keskkonnas\\\/\",\"url\":\"https:\\\/\\\/wi.ee\\\/et\\\/ilmunud-on-esimene-vorukeelne-opik-opiqu-keskkonnas\\\/\",\"name\":\"Ilmunud on esimene v\u00f5rukeelne \u00f5pik Opiqu keskkonnas - V\u00f5ru Instituut\",\"isPartOf\":{\"@id\":\"https:\\\/\\\/wi.ee\\\/et\\\/#website\"},\"datePublished\":\"2021-03-22T09:38:44+00:00\",\"dateModified\":\"2021-03-23T08:48:11+00:00\",\"breadcrumb\":{\"@id\":\"https:\\\/\\\/wi.ee\\\/et\\\/ilmunud-on-esimene-vorukeelne-opik-opiqu-keskkonnas\\\/#breadcrumb\"},\"inLanguage\":\"et\",\"potentialAction\":[{\"@type\":\"ReadAction\",\"target\":[\"https:\\\/\\\/wi.ee\\\/et\\\/ilmunud-on-esimene-vorukeelne-opik-opiqu-keskkonnas\\\/\"]}]},{\"@type\":\"BreadcrumbList\",\"@id\":\"https:\\\/\\\/wi.ee\\\/et\\\/ilmunud-on-esimene-vorukeelne-opik-opiqu-keskkonnas\\\/#breadcrumb\",\"itemListElement\":[{\"@type\":\"ListItem\",\"position\":1,\"name\":\"Avaleht\",\"item\":\"https:\\\/\\\/wi.ee\\\/et\\\/\"},{\"@type\":\"ListItem\",\"position\":2,\"name\":\"Ilmunud on esimene v\u00f5rukeelne \u00f5pik Opiqu keskkonnas\"}]},{\"@type\":\"WebSite\",\"@id\":\"https:\\\/\\\/wi.ee\\\/et\\\/#website\",\"url\":\"https:\\\/\\\/wi.ee\\\/et\\\/\",\"name\":\"V\u00f5ru Instituut\",\"description\":\"\",\"publisher\":{\"@id\":\"https:\\\/\\\/wi.ee\\\/et\\\/#organization\"},\"potentialAction\":[{\"@type\":\"SearchAction\",\"target\":{\"@type\":\"EntryPoint\",\"urlTemplate\":\"https:\\\/\\\/wi.ee\\\/et\\\/?s={search_term_string}\"},\"query-input\":{\"@type\":\"PropertyValueSpecification\",\"valueRequired\":true,\"valueName\":\"search_term_string\"}}],\"inLanguage\":\"et\"},{\"@type\":\"Organization\",\"@id\":\"https:\\\/\\\/wi.ee\\\/et\\\/#organization\",\"name\":\"V\u00f5ru Instituut\",\"url\":\"https:\\\/\\\/wi.ee\\\/et\\\/\",\"logo\":{\"@type\":\"ImageObject\",\"inLanguage\":\"et\",\"@id\":\"https:\\\/\\\/wi.ee\\\/et\\\/#\\\/schema\\\/logo\\\/image\\\/\",\"url\":\"https:\\\/\\\/wi.ee\\\/wp-content\\\/uploads\\\/2015\\\/05\\\/logo-150507.png\",\"contentUrl\":\"https:\\\/\\\/wi.ee\\\/wp-content\\\/uploads\\\/2015\\\/05\\\/logo-150507.png\",\"width\":183,\"height\":123,\"caption\":\"V\u00f5ru Instituut\"},\"image\":{\"@id\":\"https:\\\/\\\/wi.ee\\\/et\\\/#\\\/schema\\\/logo\\\/image\\\/\"},\"sameAs\":[\"https:\\\/\\\/www.facebook.com\\\/VoroInstituut\"]},{\"@type\":\"Person\",\"@id\":\"https:\\\/\\\/wi.ee\\\/et\\\/#\\\/schema\\\/person\\\/b81dc5c58127a4dd03edf577f75f8128\",\"name\":\"instituut\",\"image\":{\"@type\":\"ImageObject\",\"inLanguage\":\"et\",\"@id\":\"https:\\\/\\\/secure.gravatar.com\\\/avatar\\\/4d2b28afe96e9e7a5287e9f19b544b1f32a7bd8ddebcde1d69a5ebed74bbeed6?s=96&d=mm&r=g\",\"url\":\"https:\\\/\\\/secure.gravatar.com\\\/avatar\\\/4d2b28afe96e9e7a5287e9f19b544b1f32a7bd8ddebcde1d69a5ebed74bbeed6?s=96&d=mm&r=g\",\"contentUrl\":\"https:\\\/\\\/secure.gravatar.com\\\/avatar\\\/4d2b28afe96e9e7a5287e9f19b544b1f32a7bd8ddebcde1d69a5ebed74bbeed6?s=96&d=mm&r=g\",\"caption\":\"instituut\"},\"url\":\"https:\\\/\\\/wi.ee\\\/et\\\/author\\\/instituut\\\/\"}]}<\/script>\n<!-- \/ Yoast SEO plugin. -->","yoast_head_json":{"title":"Ilmunud on esimene v\u00f5rukeelne \u00f5pik Opiqu keskkonnas - V\u00f5ru Instituut","robots":{"index":"index","follow":"follow","max-snippet":"max-snippet:-1","max-image-preview":"max-image-preview:large","max-video-preview":"max-video-preview:-1"},"canonical":"https:\/\/wi.ee\/et\/ilmunud-on-esimene-vorukeelne-opik-opiqu-keskkonnas\/","og_locale":"et_EE","og_type":"article","og_title":"Ilmunud on esimene v\u00f5rukeelne \u00f5pik Opiqu keskkonnas - V\u00f5ru Instituut","og_description":"Opiqu digi\u00f5pikute perre on lisandunud esimene v\u00f5rukeelne \u00f5pik \u2013 \u201eLuudusoppus noor\u00f5mbal\u00f5 koolii\u00e4le\u201c. Tegu on 2011. aastal ilmunud \u00f5ppematerjali \u201eLoodus\u00f5petuse t\u00f6\u00f6raamat 1. klassile 1. osa\u201c (autorid A. Saar, H. Karik, K. Sirel) t\u00f5lkega. T\u00f6\u00f6raamatu 1. osas on 38 peat\u00fckki ning 114 \u00fclesannet. Raamatu alguses tutvutakse erinevate keskkondadega (kool, linn, talu, mets, aed, turg), seej\u00e4rel \u00f5pitakse tundma [&hellip;]","og_url":"https:\/\/wi.ee\/et\/ilmunud-on-esimene-vorukeelne-opik-opiqu-keskkonnas\/","og_site_name":"V\u00f5ru Instituut","article_publisher":"https:\/\/www.facebook.com\/VoroInstituut","article_published_time":"2021-03-22T09:38:44+00:00","article_modified_time":"2021-03-23T08:48:11+00:00","og_image":[{"width":183,"height":123,"url":"https:\/\/wi.ee\/wp-content\/uploads\/2015\/05\/logo-150507.png","type":"image\/png"}],"author":"instituut","twitter_misc":{"Written by":"instituut","Est. reading time":"2 minutit"},"schema":{"@context":"https:\/\/schema.org","@graph":[{"@type":"Article","@id":"https:\/\/wi.ee\/et\/ilmunud-on-esimene-vorukeelne-opik-opiqu-keskkonnas\/#article","isPartOf":{"@id":"https:\/\/wi.ee\/et\/ilmunud-on-esimene-vorukeelne-opik-opiqu-keskkonnas\/"},"author":{"name":"instituut","@id":"https:\/\/wi.ee\/et\/#\/schema\/person\/b81dc5c58127a4dd03edf577f75f8128"},"headline":"Ilmunud on esimene v\u00f5rukeelne \u00f5pik Opiqu keskkonnas","datePublished":"2021-03-22T09:38:44+00:00","dateModified":"2021-03-23T08:48:11+00:00","mainEntityOfPage":{"@id":"https:\/\/wi.ee\/et\/ilmunud-on-esimene-vorukeelne-opik-opiqu-keskkonnas\/"},"wordCount":412,"publisher":{"@id":"https:\/\/wi.ee\/et\/#organization"},"articleSection":["Uncategorized"],"inLanguage":"et"},{"@type":"WebPage","@id":"https:\/\/wi.ee\/et\/ilmunud-on-esimene-vorukeelne-opik-opiqu-keskkonnas\/","url":"https:\/\/wi.ee\/et\/ilmunud-on-esimene-vorukeelne-opik-opiqu-keskkonnas\/","name":"Ilmunud on esimene v\u00f5rukeelne \u00f5pik Opiqu keskkonnas - V\u00f5ru Instituut","isPartOf":{"@id":"https:\/\/wi.ee\/et\/#website"},"datePublished":"2021-03-22T09:38:44+00:00","dateModified":"2021-03-23T08:48:11+00:00","breadcrumb":{"@id":"https:\/\/wi.ee\/et\/ilmunud-on-esimene-vorukeelne-opik-opiqu-keskkonnas\/#breadcrumb"},"inLanguage":"et","potentialAction":[{"@type":"ReadAction","target":["https:\/\/wi.ee\/et\/ilmunud-on-esimene-vorukeelne-opik-opiqu-keskkonnas\/"]}]},{"@type":"BreadcrumbList","@id":"https:\/\/wi.ee\/et\/ilmunud-on-esimene-vorukeelne-opik-opiqu-keskkonnas\/#breadcrumb","itemListElement":[{"@type":"ListItem","position":1,"name":"Avaleht","item":"https:\/\/wi.ee\/et\/"},{"@type":"ListItem","position":2,"name":"Ilmunud on esimene v\u00f5rukeelne \u00f5pik Opiqu keskkonnas"}]},{"@type":"WebSite","@id":"https:\/\/wi.ee\/et\/#website","url":"https:\/\/wi.ee\/et\/","name":"V\u00f5ru Instituut","description":"","publisher":{"@id":"https:\/\/wi.ee\/et\/#organization"},"potentialAction":[{"@type":"SearchAction","target":{"@type":"EntryPoint","urlTemplate":"https:\/\/wi.ee\/et\/?s={search_term_string}"},"query-input":{"@type":"PropertyValueSpecification","valueRequired":true,"valueName":"search_term_string"}}],"inLanguage":"et"},{"@type":"Organization","@id":"https:\/\/wi.ee\/et\/#organization","name":"V\u00f5ru Instituut","url":"https:\/\/wi.ee\/et\/","logo":{"@type":"ImageObject","inLanguage":"et","@id":"https:\/\/wi.ee\/et\/#\/schema\/logo\/image\/","url":"https:\/\/wi.ee\/wp-content\/uploads\/2015\/05\/logo-150507.png","contentUrl":"https:\/\/wi.ee\/wp-content\/uploads\/2015\/05\/logo-150507.png","width":183,"height":123,"caption":"V\u00f5ru Instituut"},"image":{"@id":"https:\/\/wi.ee\/et\/#\/schema\/logo\/image\/"},"sameAs":["https:\/\/www.facebook.com\/VoroInstituut"]},{"@type":"Person","@id":"https:\/\/wi.ee\/et\/#\/schema\/person\/b81dc5c58127a4dd03edf577f75f8128","name":"instituut","image":{"@type":"ImageObject","inLanguage":"et","@id":"https:\/\/secure.gravatar.com\/avatar\/4d2b28afe96e9e7a5287e9f19b544b1f32a7bd8ddebcde1d69a5ebed74bbeed6?s=96&d=mm&r=g","url":"https:\/\/secure.gravatar.com\/avatar\/4d2b28afe96e9e7a5287e9f19b544b1f32a7bd8ddebcde1d69a5ebed74bbeed6?s=96&d=mm&r=g","contentUrl":"https:\/\/secure.gravatar.com\/avatar\/4d2b28afe96e9e7a5287e9f19b544b1f32a7bd8ddebcde1d69a5ebed74bbeed6?s=96&d=mm&r=g","caption":"instituut"},"url":"https:\/\/wi.ee\/et\/author\/instituut\/"}]}},"_links":{"self":[{"href":"https:\/\/wi.ee\/et\/wp-json\/wp\/v2\/posts\/8535","targetHints":{"allow":["GET"]}}],"collection":[{"href":"https:\/\/wi.ee\/et\/wp-json\/wp\/v2\/posts"}],"about":[{"href":"https:\/\/wi.ee\/et\/wp-json\/wp\/v2\/types\/post"}],"author":[{"embeddable":true,"href":"https:\/\/wi.ee\/et\/wp-json\/wp\/v2\/users\/2"}],"replies":[{"embeddable":true,"href":"https:\/\/wi.ee\/et\/wp-json\/wp\/v2\/comments?post=8535"}],"version-history":[{"count":2,"href":"https:\/\/wi.ee\/et\/wp-json\/wp\/v2\/posts\/8535\/revisions"}],"predecessor-version":[{"id":8538,"href":"https:\/\/wi.ee\/et\/wp-json\/wp\/v2\/posts\/8535\/revisions\/8538"}],"wp:attachment":[{"href":"https:\/\/wi.ee\/et\/wp-json\/wp\/v2\/media?parent=8535"}],"wp:term":[{"taxonomy":"category","embeddable":true,"href":"https:\/\/wi.ee\/et\/wp-json\/wp\/v2\/categories?post=8535"},{"taxonomy":"post_tag","embeddable":true,"href":"https:\/\/wi.ee\/et\/wp-json\/wp\/v2\/tags?post=8535"}],"curies":[{"name":"wp","href":"https:\/\/api.w.org\/{rel}","templated":true}]}}