{"id":8164,"date":"2020-11-03T12:00:11","date_gmt":"2020-11-03T10:00:11","guid":{"rendered":"https:\/\/wi.ee\/?p=8164"},"modified":"2020-11-09T09:00:13","modified_gmt":"2020-11-09T07:00:13","slug":"tule-voru-keele-nadalale-puhendatud-peole","status":"publish","type":"post","link":"https:\/\/wi.ee\/et\/tule-voru-keele-nadalale-puhendatud-peole\/","title":{"rendered":"Tule v\u00f5ru keele n\u00e4dalale p\u00fchendatud peole!"},"content":{"rendered":"<p><a href=\"https:\/\/wi.ee\/wp-content\/uploads\/2020\/10\/iloodak_netikas.jpg\"><img loading=\"lazy\" decoding=\"async\" class=\"size-medium wp-image-8106 alignright\" src=\"https:\/\/wi.ee\/wp-content\/uploads\/2020\/10\/iloodak_netikas-212x300.jpg\" alt=\"\" width=\"212\" height=\"300\" srcset=\"https:\/\/wi.ee\/wp-content\/uploads\/2020\/10\/iloodak_netikas-212x300.jpg 212w, https:\/\/wi.ee\/wp-content\/uploads\/2020\/10\/iloodak_netikas.jpg 700w\" sizes=\"auto, (max-width: 212px) 100vw, 212px\" \/><\/a>\u00dche pildi sellest, kui elav on v\u00f5ru keel, saab huviline <strong>6. novembri \u00f5htul<\/strong> V\u00f5ru kultuurimajas Kannel, kus t\u00e4helepanu p\u00e4lvivad korraga nii kirjas\u00f5na, luule, muusika kui ka film. Peo\u00f5htu algus on <strong>kl 17.30<\/strong>.<\/p>\n<p>Selle aasta v\u00f5ru keele n\u00e4dalal j\u00f5uab lugejani tr\u00fckisoe raamat <strong>\u201cV\u00f5rukeelseid vanas\u00f5nu. Keelekastja k\u00e4siraamat\u201d<\/strong>. Huvilised on oodatud esitlusele. Raamatu koostaja Urmas Kalla r\u00e4\u00e4gib \u00f5htul natuke sellest, miks raamat sai just selline. Millise pilguga vaatavad uued (loe: noored) inimesed vanadele s\u00f5nadele, n\u00e4itab <strong>V\u00f5ru draamastuudio<\/strong> <strong>kavaga \u201cSeosama vana joro\u201d<\/strong>. Lavale aitas selle seada Tarmo Tagamets. Veelgi r\u00f5\u00f5msamaks teevad \u00f5htu Kaisa Kuslapuu v\u00f5rukeelsed laulud ja torupillim\u00e4ng.<\/p>\n<p><strong>Kell 19 <\/strong>on k\u00f5ik oodatud Kandle teatrisaali <strong>filmi\u00f5htule<\/strong>, et piiluda maailmadesse, mis on j\u00e4\u00e4nud kaamerasilma ette.<\/p>\n<p>V\u00f5ru keele n\u00e4dalaks on selgunud <strong>Artur Adsonile p\u00fchendatud luulelugemise v\u00f5istluse parimad<\/strong>. Elu keerdk\u00e4ikude t\u00f5ttu korraldati v\u00f5istlus sel aastal videovormis, mitte elava luuleesitusena. Parimad luuleklipid m\u00e4ngitakse ette suurelt ekraanilt.<\/p>\n<p>Seej\u00e4rel saavad huvilised kokku re\u017eiss\u00f6\u00f6r Anna Hintsiga, kes toob V\u00f5rru oma <strong>kaks l\u00fchifilmi \u2013 \u201cJ\u00e4\u00e4\u201d ja \u201cVaba maa\u201d<\/strong>. Tasub vaatama tulla: film \u201cJ\u00e4\u00e4\u201d on korjanud festivalidelt \u00fcle Euroopa 14 auhinda. \u201cVaba maa\u201d on filmitud Vana-V\u00f5rumaal ja rollides on n\u00e4ha kohalikke inimesi. Peo\u00f5htu l\u00f5petab Kerli Kirch Schneideri l\u00fchifilm <strong>\u201cVirago\u201d<\/strong>, mis on \u00fcles v\u00f5etud Haanjas, Vastse-Roosas jm. Film on p\u00e4lvinud palju t\u00e4helepanu ja see esitatakse Oscarile.<\/p>\n<p>Sissep\u00e4\u00e4s on tasuta!<\/p>\n<p>&nbsp;<\/p>\n<p>Kaile Kabun,<\/p>\n<p>V\u00f5ru Instituudi projektijuht<\/p>\n<p>tel 525 3215,\u00a0<a href=\"&#109;&#x61;&#x69;l&#116;&#x6f;:&#107;&#x61;&#x69;&#108;&#x65;&#x2e;k&#97;&#x62;u&#110;&#x40;&#x77;&#105;&#x2e;&#x65;e\">k&#97;&#105;&#108;&#x65;&#x2e;&#x6b;ab&#117;&#110;&#x40;&#x77;&#x69;&#x2e;ee<\/a><\/p>\n","protected":false},"excerpt":{"rendered":"<p>\u00dche pildi sellest, kui elav on v\u00f5ru keel, saab huviline 6. novembri \u00f5htul V\u00f5ru kultuurimajas Kannel, kus t\u00e4helepanu p\u00e4lvivad korraga nii kirjas\u00f5na, luule, muusika kui ka film. Peo\u00f5htu algus on kl 17.30. Selle aasta v\u00f5ru keele n\u00e4dalal j\u00f5uab lugejani tr\u00fckisoe raamat \u201cV\u00f5rukeelseid vanas\u00f5nu. Keelekastja k\u00e4siraamat\u201d. Huvilised on oodatud esitlusele. Raamatu koostaja Urmas Kalla r\u00e4\u00e4gib \u00f5htul [&hellip;]<\/p>\n","protected":false},"author":2,"featured_media":0,"comment_status":"closed","ping_status":"open","sticky":false,"template":"","format":"standard","meta":{"_acf_changed":false,"footnotes":""},"categories":[17],"tags":[],"class_list":["post-8164","post","type-post","status-publish","format-standard","hentry","category-uncategorized-et"],"acf":[],"yoast_head":"<!-- This site is optimized with the Yoast SEO plugin v27.4 - https:\/\/yoast.com\/product\/yoast-seo-wordpress\/ -->\n<title>Tule v\u00f5ru keele n\u00e4dalale p\u00fchendatud peole! - V\u00f5ru Instituut<\/title>\n<meta name=\"robots\" content=\"index, follow, max-snippet:-1, max-image-preview:large, max-video-preview:-1\" \/>\n<link rel=\"canonical\" href=\"https:\/\/wi.ee\/et\/tule-voru-keele-nadalale-puhendatud-peole\/\" \/>\n<meta property=\"og:locale\" content=\"et_EE\" \/>\n<meta property=\"og:type\" content=\"article\" \/>\n<meta property=\"og:title\" content=\"Tule v\u00f5ru keele n\u00e4dalale p\u00fchendatud peole! - V\u00f5ru Instituut\" \/>\n<meta property=\"og:description\" content=\"\u00dche pildi sellest, kui elav on v\u00f5ru keel, saab huviline 6. novembri \u00f5htul V\u00f5ru kultuurimajas Kannel, kus t\u00e4helepanu p\u00e4lvivad korraga nii kirjas\u00f5na, luule, muusika kui ka film. Peo\u00f5htu algus on kl 17.30. Selle aasta v\u00f5ru keele n\u00e4dalal j\u00f5uab lugejani tr\u00fckisoe raamat \u201cV\u00f5rukeelseid vanas\u00f5nu. Keelekastja k\u00e4siraamat\u201d. Huvilised on oodatud esitlusele. Raamatu koostaja Urmas Kalla r\u00e4\u00e4gib \u00f5htul [&hellip;]\" \/>\n<meta property=\"og:url\" content=\"https:\/\/wi.ee\/et\/tule-voru-keele-nadalale-puhendatud-peole\/\" \/>\n<meta property=\"og:site_name\" content=\"V\u00f5ru Instituut\" \/>\n<meta property=\"article:publisher\" content=\"https:\/\/www.facebook.com\/VoroInstituut\" \/>\n<meta property=\"article:published_time\" content=\"2020-11-03T10:00:11+00:00\" \/>\n<meta property=\"article:modified_time\" content=\"2020-11-09T07:00:13+00:00\" \/>\n<meta property=\"og:image\" content=\"https:\/\/wi.ee\/wp-content\/uploads\/2020\/10\/iloodak_netikas-212x300.jpg\" \/>\n<meta name=\"author\" content=\"instituut\" \/>\n<meta name=\"twitter:label1\" content=\"Written by\" \/>\n\t<meta name=\"twitter:data1\" content=\"instituut\" \/>\n\t<meta name=\"twitter:label2\" content=\"Est. reading time\" \/>\n\t<meta name=\"twitter:data2\" content=\"1 minut\" \/>\n<script type=\"application\/ld+json\" class=\"yoast-schema-graph\">{\"@context\":\"https:\\\/\\\/schema.org\",\"@graph\":[{\"@type\":\"Article\",\"@id\":\"https:\\\/\\\/wi.ee\\\/et\\\/tule-voru-keele-nadalale-puhendatud-peole\\\/#article\",\"isPartOf\":{\"@id\":\"https:\\\/\\\/wi.ee\\\/et\\\/tule-voru-keele-nadalale-puhendatud-peole\\\/\"},\"author\":{\"name\":\"instituut\",\"@id\":\"https:\\\/\\\/wi.ee\\\/et\\\/#\\\/schema\\\/person\\\/b81dc5c58127a4dd03edf577f75f8128\"},\"headline\":\"Tule v\u00f5ru keele n\u00e4dalale p\u00fchendatud peole!\",\"datePublished\":\"2020-11-03T10:00:11+00:00\",\"dateModified\":\"2020-11-09T07:00:13+00:00\",\"mainEntityOfPage\":{\"@id\":\"https:\\\/\\\/wi.ee\\\/et\\\/tule-voru-keele-nadalale-puhendatud-peole\\\/\"},\"wordCount\":266,\"publisher\":{\"@id\":\"https:\\\/\\\/wi.ee\\\/et\\\/#organization\"},\"image\":{\"@id\":\"https:\\\/\\\/wi.ee\\\/et\\\/tule-voru-keele-nadalale-puhendatud-peole\\\/#primaryimage\"},\"thumbnailUrl\":\"https:\\\/\\\/wi.ee\\\/wp-content\\\/uploads\\\/2020\\\/10\\\/iloodak_netikas-212x300.jpg\",\"articleSection\":[\"Uncategorized\"],\"inLanguage\":\"et\"},{\"@type\":\"WebPage\",\"@id\":\"https:\\\/\\\/wi.ee\\\/et\\\/tule-voru-keele-nadalale-puhendatud-peole\\\/\",\"url\":\"https:\\\/\\\/wi.ee\\\/et\\\/tule-voru-keele-nadalale-puhendatud-peole\\\/\",\"name\":\"Tule v\u00f5ru keele n\u00e4dalale p\u00fchendatud peole! - V\u00f5ru Instituut\",\"isPartOf\":{\"@id\":\"https:\\\/\\\/wi.ee\\\/et\\\/#website\"},\"primaryImageOfPage\":{\"@id\":\"https:\\\/\\\/wi.ee\\\/et\\\/tule-voru-keele-nadalale-puhendatud-peole\\\/#primaryimage\"},\"image\":{\"@id\":\"https:\\\/\\\/wi.ee\\\/et\\\/tule-voru-keele-nadalale-puhendatud-peole\\\/#primaryimage\"},\"thumbnailUrl\":\"https:\\\/\\\/wi.ee\\\/wp-content\\\/uploads\\\/2020\\\/10\\\/iloodak_netikas-212x300.jpg\",\"datePublished\":\"2020-11-03T10:00:11+00:00\",\"dateModified\":\"2020-11-09T07:00:13+00:00\",\"breadcrumb\":{\"@id\":\"https:\\\/\\\/wi.ee\\\/et\\\/tule-voru-keele-nadalale-puhendatud-peole\\\/#breadcrumb\"},\"inLanguage\":\"et\",\"potentialAction\":[{\"@type\":\"ReadAction\",\"target\":[\"https:\\\/\\\/wi.ee\\\/et\\\/tule-voru-keele-nadalale-puhendatud-peole\\\/\"]}]},{\"@type\":\"ImageObject\",\"inLanguage\":\"et\",\"@id\":\"https:\\\/\\\/wi.ee\\\/et\\\/tule-voru-keele-nadalale-puhendatud-peole\\\/#primaryimage\",\"url\":\"https:\\\/\\\/wi.ee\\\/wp-content\\\/uploads\\\/2020\\\/10\\\/iloodak_netikas-212x300.jpg\",\"contentUrl\":\"https:\\\/\\\/wi.ee\\\/wp-content\\\/uploads\\\/2020\\\/10\\\/iloodak_netikas-212x300.jpg\"},{\"@type\":\"BreadcrumbList\",\"@id\":\"https:\\\/\\\/wi.ee\\\/et\\\/tule-voru-keele-nadalale-puhendatud-peole\\\/#breadcrumb\",\"itemListElement\":[{\"@type\":\"ListItem\",\"position\":1,\"name\":\"Avaleht\",\"item\":\"https:\\\/\\\/wi.ee\\\/et\\\/\"},{\"@type\":\"ListItem\",\"position\":2,\"name\":\"Tule v\u00f5ru keele n\u00e4dalale p\u00fchendatud peole!\"}]},{\"@type\":\"WebSite\",\"@id\":\"https:\\\/\\\/wi.ee\\\/et\\\/#website\",\"url\":\"https:\\\/\\\/wi.ee\\\/et\\\/\",\"name\":\"V\u00f5ru Instituut\",\"description\":\"\",\"publisher\":{\"@id\":\"https:\\\/\\\/wi.ee\\\/et\\\/#organization\"},\"potentialAction\":[{\"@type\":\"SearchAction\",\"target\":{\"@type\":\"EntryPoint\",\"urlTemplate\":\"https:\\\/\\\/wi.ee\\\/et\\\/?s={search_term_string}\"},\"query-input\":{\"@type\":\"PropertyValueSpecification\",\"valueRequired\":true,\"valueName\":\"search_term_string\"}}],\"inLanguage\":\"et\"},{\"@type\":\"Organization\",\"@id\":\"https:\\\/\\\/wi.ee\\\/et\\\/#organization\",\"name\":\"V\u00f5ru Instituut\",\"url\":\"https:\\\/\\\/wi.ee\\\/et\\\/\",\"logo\":{\"@type\":\"ImageObject\",\"inLanguage\":\"et\",\"@id\":\"https:\\\/\\\/wi.ee\\\/et\\\/#\\\/schema\\\/logo\\\/image\\\/\",\"url\":\"https:\\\/\\\/wi.ee\\\/wp-content\\\/uploads\\\/2015\\\/05\\\/logo-150507.png\",\"contentUrl\":\"https:\\\/\\\/wi.ee\\\/wp-content\\\/uploads\\\/2015\\\/05\\\/logo-150507.png\",\"width\":183,\"height\":123,\"caption\":\"V\u00f5ru Instituut\"},\"image\":{\"@id\":\"https:\\\/\\\/wi.ee\\\/et\\\/#\\\/schema\\\/logo\\\/image\\\/\"},\"sameAs\":[\"https:\\\/\\\/www.facebook.com\\\/VoroInstituut\"]},{\"@type\":\"Person\",\"@id\":\"https:\\\/\\\/wi.ee\\\/et\\\/#\\\/schema\\\/person\\\/b81dc5c58127a4dd03edf577f75f8128\",\"name\":\"instituut\",\"image\":{\"@type\":\"ImageObject\",\"inLanguage\":\"et\",\"@id\":\"https:\\\/\\\/secure.gravatar.com\\\/avatar\\\/4d2b28afe96e9e7a5287e9f19b544b1f32a7bd8ddebcde1d69a5ebed74bbeed6?s=96&d=mm&r=g\",\"url\":\"https:\\\/\\\/secure.gravatar.com\\\/avatar\\\/4d2b28afe96e9e7a5287e9f19b544b1f32a7bd8ddebcde1d69a5ebed74bbeed6?s=96&d=mm&r=g\",\"contentUrl\":\"https:\\\/\\\/secure.gravatar.com\\\/avatar\\\/4d2b28afe96e9e7a5287e9f19b544b1f32a7bd8ddebcde1d69a5ebed74bbeed6?s=96&d=mm&r=g\",\"caption\":\"instituut\"},\"url\":\"https:\\\/\\\/wi.ee\\\/et\\\/author\\\/instituut\\\/\"}]}<\/script>\n<!-- \/ Yoast SEO plugin. -->","yoast_head_json":{"title":"Tule v\u00f5ru keele n\u00e4dalale p\u00fchendatud peole! - V\u00f5ru Instituut","robots":{"index":"index","follow":"follow","max-snippet":"max-snippet:-1","max-image-preview":"max-image-preview:large","max-video-preview":"max-video-preview:-1"},"canonical":"https:\/\/wi.ee\/et\/tule-voru-keele-nadalale-puhendatud-peole\/","og_locale":"et_EE","og_type":"article","og_title":"Tule v\u00f5ru keele n\u00e4dalale p\u00fchendatud peole! - V\u00f5ru Instituut","og_description":"\u00dche pildi sellest, kui elav on v\u00f5ru keel, saab huviline 6. novembri \u00f5htul V\u00f5ru kultuurimajas Kannel, kus t\u00e4helepanu p\u00e4lvivad korraga nii kirjas\u00f5na, luule, muusika kui ka film. Peo\u00f5htu algus on kl 17.30. Selle aasta v\u00f5ru keele n\u00e4dalal j\u00f5uab lugejani tr\u00fckisoe raamat \u201cV\u00f5rukeelseid vanas\u00f5nu. Keelekastja k\u00e4siraamat\u201d. Huvilised on oodatud esitlusele. Raamatu koostaja Urmas Kalla r\u00e4\u00e4gib \u00f5htul [&hellip;]","og_url":"https:\/\/wi.ee\/et\/tule-voru-keele-nadalale-puhendatud-peole\/","og_site_name":"V\u00f5ru Instituut","article_publisher":"https:\/\/www.facebook.com\/VoroInstituut","article_published_time":"2020-11-03T10:00:11+00:00","article_modified_time":"2020-11-09T07:00:13+00:00","og_image":[{"url":"https:\/\/wi.ee\/wp-content\/uploads\/2020\/10\/iloodak_netikas-212x300.jpg","type":"","width":"","height":""}],"author":"instituut","twitter_misc":{"Written by":"instituut","Est. reading time":"1 minut"},"schema":{"@context":"https:\/\/schema.org","@graph":[{"@type":"Article","@id":"https:\/\/wi.ee\/et\/tule-voru-keele-nadalale-puhendatud-peole\/#article","isPartOf":{"@id":"https:\/\/wi.ee\/et\/tule-voru-keele-nadalale-puhendatud-peole\/"},"author":{"name":"instituut","@id":"https:\/\/wi.ee\/et\/#\/schema\/person\/b81dc5c58127a4dd03edf577f75f8128"},"headline":"Tule v\u00f5ru keele n\u00e4dalale p\u00fchendatud peole!","datePublished":"2020-11-03T10:00:11+00:00","dateModified":"2020-11-09T07:00:13+00:00","mainEntityOfPage":{"@id":"https:\/\/wi.ee\/et\/tule-voru-keele-nadalale-puhendatud-peole\/"},"wordCount":266,"publisher":{"@id":"https:\/\/wi.ee\/et\/#organization"},"image":{"@id":"https:\/\/wi.ee\/et\/tule-voru-keele-nadalale-puhendatud-peole\/#primaryimage"},"thumbnailUrl":"https:\/\/wi.ee\/wp-content\/uploads\/2020\/10\/iloodak_netikas-212x300.jpg","articleSection":["Uncategorized"],"inLanguage":"et"},{"@type":"WebPage","@id":"https:\/\/wi.ee\/et\/tule-voru-keele-nadalale-puhendatud-peole\/","url":"https:\/\/wi.ee\/et\/tule-voru-keele-nadalale-puhendatud-peole\/","name":"Tule v\u00f5ru keele n\u00e4dalale p\u00fchendatud peole! - V\u00f5ru Instituut","isPartOf":{"@id":"https:\/\/wi.ee\/et\/#website"},"primaryImageOfPage":{"@id":"https:\/\/wi.ee\/et\/tule-voru-keele-nadalale-puhendatud-peole\/#primaryimage"},"image":{"@id":"https:\/\/wi.ee\/et\/tule-voru-keele-nadalale-puhendatud-peole\/#primaryimage"},"thumbnailUrl":"https:\/\/wi.ee\/wp-content\/uploads\/2020\/10\/iloodak_netikas-212x300.jpg","datePublished":"2020-11-03T10:00:11+00:00","dateModified":"2020-11-09T07:00:13+00:00","breadcrumb":{"@id":"https:\/\/wi.ee\/et\/tule-voru-keele-nadalale-puhendatud-peole\/#breadcrumb"},"inLanguage":"et","potentialAction":[{"@type":"ReadAction","target":["https:\/\/wi.ee\/et\/tule-voru-keele-nadalale-puhendatud-peole\/"]}]},{"@type":"ImageObject","inLanguage":"et","@id":"https:\/\/wi.ee\/et\/tule-voru-keele-nadalale-puhendatud-peole\/#primaryimage","url":"https:\/\/wi.ee\/wp-content\/uploads\/2020\/10\/iloodak_netikas-212x300.jpg","contentUrl":"https:\/\/wi.ee\/wp-content\/uploads\/2020\/10\/iloodak_netikas-212x300.jpg"},{"@type":"BreadcrumbList","@id":"https:\/\/wi.ee\/et\/tule-voru-keele-nadalale-puhendatud-peole\/#breadcrumb","itemListElement":[{"@type":"ListItem","position":1,"name":"Avaleht","item":"https:\/\/wi.ee\/et\/"},{"@type":"ListItem","position":2,"name":"Tule v\u00f5ru keele n\u00e4dalale p\u00fchendatud peole!"}]},{"@type":"WebSite","@id":"https:\/\/wi.ee\/et\/#website","url":"https:\/\/wi.ee\/et\/","name":"V\u00f5ru Instituut","description":"","publisher":{"@id":"https:\/\/wi.ee\/et\/#organization"},"potentialAction":[{"@type":"SearchAction","target":{"@type":"EntryPoint","urlTemplate":"https:\/\/wi.ee\/et\/?s={search_term_string}"},"query-input":{"@type":"PropertyValueSpecification","valueRequired":true,"valueName":"search_term_string"}}],"inLanguage":"et"},{"@type":"Organization","@id":"https:\/\/wi.ee\/et\/#organization","name":"V\u00f5ru Instituut","url":"https:\/\/wi.ee\/et\/","logo":{"@type":"ImageObject","inLanguage":"et","@id":"https:\/\/wi.ee\/et\/#\/schema\/logo\/image\/","url":"https:\/\/wi.ee\/wp-content\/uploads\/2015\/05\/logo-150507.png","contentUrl":"https:\/\/wi.ee\/wp-content\/uploads\/2015\/05\/logo-150507.png","width":183,"height":123,"caption":"V\u00f5ru Instituut"},"image":{"@id":"https:\/\/wi.ee\/et\/#\/schema\/logo\/image\/"},"sameAs":["https:\/\/www.facebook.com\/VoroInstituut"]},{"@type":"Person","@id":"https:\/\/wi.ee\/et\/#\/schema\/person\/b81dc5c58127a4dd03edf577f75f8128","name":"instituut","image":{"@type":"ImageObject","inLanguage":"et","@id":"https:\/\/secure.gravatar.com\/avatar\/4d2b28afe96e9e7a5287e9f19b544b1f32a7bd8ddebcde1d69a5ebed74bbeed6?s=96&d=mm&r=g","url":"https:\/\/secure.gravatar.com\/avatar\/4d2b28afe96e9e7a5287e9f19b544b1f32a7bd8ddebcde1d69a5ebed74bbeed6?s=96&d=mm&r=g","contentUrl":"https:\/\/secure.gravatar.com\/avatar\/4d2b28afe96e9e7a5287e9f19b544b1f32a7bd8ddebcde1d69a5ebed74bbeed6?s=96&d=mm&r=g","caption":"instituut"},"url":"https:\/\/wi.ee\/et\/author\/instituut\/"}]}},"_links":{"self":[{"href":"https:\/\/wi.ee\/et\/wp-json\/wp\/v2\/posts\/8164","targetHints":{"allow":["GET"]}}],"collection":[{"href":"https:\/\/wi.ee\/et\/wp-json\/wp\/v2\/posts"}],"about":[{"href":"https:\/\/wi.ee\/et\/wp-json\/wp\/v2\/types\/post"}],"author":[{"embeddable":true,"href":"https:\/\/wi.ee\/et\/wp-json\/wp\/v2\/users\/2"}],"replies":[{"embeddable":true,"href":"https:\/\/wi.ee\/et\/wp-json\/wp\/v2\/comments?post=8164"}],"version-history":[{"count":1,"href":"https:\/\/wi.ee\/et\/wp-json\/wp\/v2\/posts\/8164\/revisions"}],"predecessor-version":[{"id":8165,"href":"https:\/\/wi.ee\/et\/wp-json\/wp\/v2\/posts\/8164\/revisions\/8165"}],"wp:attachment":[{"href":"https:\/\/wi.ee\/et\/wp-json\/wp\/v2\/media?parent=8164"}],"wp:term":[{"taxonomy":"category","embeddable":true,"href":"https:\/\/wi.ee\/et\/wp-json\/wp\/v2\/categories?post=8164"},{"taxonomy":"post_tag","embeddable":true,"href":"https:\/\/wi.ee\/et\/wp-json\/wp\/v2\/tags?post=8164"}],"curies":[{"name":"wp","href":"https:\/\/api.w.org\/{rel}","templated":true}]}}