{"id":18335,"date":"2026-09-04T11:06:40","date_gmt":"2026-09-04T08:06:40","guid":{"rendered":"https:\/\/wi.ee\/?p=18335"},"modified":"2026-09-04T11:15:48","modified_gmt":"2026-09-04T08:15:48","slug":"septembris-saab-kusida-toetust-voro-keele-ja-kultuuri-opetamiseks","status":"publish","type":"post","link":"https:\/\/wi.ee\/et\/septembris-saab-kusida-toetust-voro-keele-ja-kultuuri-opetamiseks\/","title":{"rendered":"Septembris saab k\u00fcsida toetust v\u00f5ro keele ja kultuuri \u00f5petamiseks"},"content":{"rendered":"<p>Augusti l\u00f5pul sai vajalikud allkirjad kauaoodatud uus meede \u201eEesti keele piirkondlikku erikuju \u00f5petavate \u00f5petajate ja kultuuri\u00f5ppe toetamise tingimused ja kord\u201c, mis toetab n\u00fc\u00fcdsest v\u00e4ga selgelt koole ja lasteaedu kohaliku keele ning omakultuuri \u00f5petamisel.<\/p>\n<p>&nbsp;<\/p>\n<p>V\u00f5ro Instituut kutsub \u00fcles k\u00f5iki Vana-V\u00f5romaa koole ja lasteaedu seda v\u00f5imalust kasutama!<\/p>\n<p>Meetme raames saab k\u00fcsida toetust kahe erineva kulu katmiseks.<br \/>\n1) Oma keeles \u00f5petava \u00f5petaja, abi\u00f5petaja v\u00f5i lasteaia\u00f5petaja t\u00f6\u00f6tasu lisa maksmiseks on ette n\u00e4htud toetus, mille suurus t\u00e4ist\u00f6\u00f6ajaga t\u00f6\u00f6taja puhul on <strong>20% p\u00f5hikooli- ja g\u00fcmnaasiumi\u00f5petaja t\u00f6\u00f6tasu alamm\u00e4\u00e4rast kuus<\/strong>. Toetuse saamise eelduseks on, et enamus tunnist, m\u00e4\u00e4ruse s\u00f5nastuses v\u00e4hemalt <strong>60%, viiakse l\u00e4bi kohalikus keeles, st meie kandi puhul v\u00f5ro keeles.<\/strong><\/p>\n<p>2) Toetatakse <strong>paikkondliku kultuuri\u00f5ppe korraldamist v\u00e4ljaspool igap\u00e4evast \u00f5ppet\u00f6\u00f6d<\/strong>. Selleks on ette n\u00e4htud <strong>11 eurot aastas iga haridusasutuses k\u00e4iva lapse v\u00f5i \u00f5ppiva \u00f5pilase kohta<\/strong>, mis korrutatakse omakorda l\u00e4bi kohaliku koefitsiendiga. See on Antsla vallas 1,535, Kanepi vallas 1,704, P\u00f5lva vallas 1,353, R\u00e4pina vallas 1,435, V\u00f5ru vallas 1,448, V\u00f5ru linnas 1,0, R\u00f5uge vallas 1,642 ja Valga vallas 1,171.<\/p>\n<p>Toetuse taotlejaks saab olla koolipidaja, st kas <strong>kohalik omavalitsus v\u00f5i riigig\u00fcmnaasium ise (haridusasutust pidavad era\u00f5iguslik juriidiline isik).<\/strong> Taotlusvoorud toimuvad kaks korda aastas. Sellel aastal avaneb taotluskeskkond 9. septembril ning on avatud kuni 28. septembrini.<\/p>\n<p>Infop\u00e4ev veebi vahendusel toimub 15. septembril. Vastav info peatselt.<\/p>\n<p>Meetme rakendamise eest seisab hea Eesti Keele Instituut. Edasine info EKI veebilehelt<br \/>\n<a href=\"https:\/\/eki.ee\/asutus\/toetused-ja-auhinnad\/erikujude-toetusmeede\/\">https:\/\/eki.ee\/asutus\/toetused-ja-auhinnad\/erikujude-toetusmeede\/<\/a><\/p>\n<p>Edukat kiiret taotlemist!<\/p>\n","protected":false},"excerpt":{"rendered":"<p>Augusti l\u00f5pul sai vajalikud allkirjad kauaoodatud uus meede \u201eEesti keele piirkondlikku erikuju \u00f5petavate \u00f5petajate ja kultuuri\u00f5ppe toetamise tingimused ja kord\u201c, mis toetab n\u00fc\u00fcdsest v\u00e4ga selgelt koole ja lasteaedu kohaliku keele ning omakultuuri \u00f5petamisel. &nbsp; V\u00f5ro Instituut kutsub \u00fcles k\u00f5iki Vana-V\u00f5romaa koole ja lasteaedu seda v\u00f5imalust kasutama! Meetme raames saab k\u00fcsida toetust kahe erineva kulu katmiseks. [&hellip;]<\/p>\n","protected":false},"author":2,"featured_media":0,"comment_status":"closed","ping_status":"closed","sticky":false,"template":"","format":"standard","meta":{"_acf_changed":false,"footnotes":""},"categories":[17],"tags":[],"class_list":["post-18335","post","type-post","status-publish","format-standard","hentry","category-uncategorized-et"],"acf":[],"yoast_head":"<!-- This site is optimized with the Yoast SEO plugin v28.4 - https:\/\/yoast.com\/product\/yoast-seo-wordpress\/ -->\n<title>Septembris saab k\u00fcsida toetust v\u00f5ro keele ja kultuuri \u00f5petamiseks - V\u00f5ru Instituut<\/title>\n<meta name=\"robots\" content=\"index, follow, max-snippet:-1, max-image-preview:large, max-video-preview:-1\" \/>\n<link rel=\"canonical\" href=\"https:\/\/wi.ee\/et\/septembris-saab-kusida-toetust-voro-keele-ja-kultuuri-opetamiseks\/\" \/>\n<meta property=\"og:locale\" content=\"et_EE\" \/>\n<meta property=\"og:type\" content=\"article\" \/>\n<meta property=\"og:title\" content=\"Septembris saab k\u00fcsida toetust v\u00f5ro keele ja kultuuri \u00f5petamiseks - V\u00f5ru Instituut\" \/>\n<meta property=\"og:description\" content=\"Augusti l\u00f5pul sai vajalikud allkirjad kauaoodatud uus meede \u201eEesti keele piirkondlikku erikuju \u00f5petavate \u00f5petajate ja kultuuri\u00f5ppe toetamise tingimused ja kord\u201c, mis toetab n\u00fc\u00fcdsest v\u00e4ga selgelt koole ja lasteaedu kohaliku keele ning omakultuuri \u00f5petamisel. &nbsp; V\u00f5ro Instituut kutsub \u00fcles k\u00f5iki Vana-V\u00f5romaa koole ja lasteaedu seda v\u00f5imalust kasutama! Meetme raames saab k\u00fcsida toetust kahe erineva kulu katmiseks. [&hellip;]\" \/>\n<meta property=\"og:url\" content=\"https:\/\/wi.ee\/et\/septembris-saab-kusida-toetust-voro-keele-ja-kultuuri-opetamiseks\/\" \/>\n<meta property=\"og:site_name\" content=\"V\u00f5ru Instituut\" \/>\n<meta property=\"article:publisher\" content=\"https:\/\/www.facebook.com\/VoroInstituut\" \/>\n<meta property=\"article:published_time\" content=\"2026-09-04T08:06:40+00:00\" \/>\n<meta property=\"article:modified_time\" content=\"2026-09-04T08:15:48+00:00\" \/>\n<meta property=\"og:image\" content=\"https:\/\/wi.ee\/wp-content\/uploads\/2015\/05\/logo-150507.png\" \/>\n\t<meta property=\"og:image:width\" content=\"183\" \/>\n\t<meta property=\"og:image:height\" content=\"123\" \/>\n\t<meta property=\"og:image:type\" content=\"image\/png\" \/>\n<meta name=\"author\" content=\"instituut\" \/>\n<meta name=\"twitter:label1\" content=\"Kirjutanud\" \/>\n\t<meta name=\"twitter:data1\" content=\"instituut\" \/>\n\t<meta name=\"twitter:label2\" content=\"Eeldatav lugemisaeg\" \/>\n\t<meta name=\"twitter:data2\" content=\"2 minutit\" \/>\n<script type=\"application\/ld+json\" class=\"yoast-schema-graph\">{\"@context\":\"https:\\\/\\\/schema.org\",\"@graph\":[{\"@type\":\"Article\",\"@id\":\"https:\\\/\\\/wi.ee\\\/et\\\/septembris-saab-kusida-toetust-voro-keele-ja-kultuuri-opetamiseks\\\/#article\",\"isPartOf\":{\"@id\":\"https:\\\/\\\/wi.ee\\\/et\\\/septembris-saab-kusida-toetust-voro-keele-ja-kultuuri-opetamiseks\\\/\"},\"author\":{\"name\":\"instituut\",\"@id\":\"https:\\\/\\\/wi.ee\\\/et\\\/#\\\/schema\\\/person\\\/b81dc5c58127a4dd03edf577f75f8128\"},\"headline\":\"Septembris saab k\u00fcsida toetust v\u00f5ro keele ja kultuuri \u00f5petamiseks\",\"datePublished\":\"2026-09-04T08:06:40+00:00\",\"dateModified\":\"2026-09-04T08:15:48+00:00\",\"mainEntityOfPage\":{\"@id\":\"https:\\\/\\\/wi.ee\\\/et\\\/septembris-saab-kusida-toetust-voro-keele-ja-kultuuri-opetamiseks\\\/\"},\"wordCount\":263,\"publisher\":{\"@id\":\"https:\\\/\\\/wi.ee\\\/et\\\/#organization\"},\"articleSection\":[\"Uncategorized\"],\"inLanguage\":\"et\"},{\"@type\":\"WebPage\",\"@id\":\"https:\\\/\\\/wi.ee\\\/et\\\/septembris-saab-kusida-toetust-voro-keele-ja-kultuuri-opetamiseks\\\/\",\"url\":\"https:\\\/\\\/wi.ee\\\/et\\\/septembris-saab-kusida-toetust-voro-keele-ja-kultuuri-opetamiseks\\\/\",\"name\":\"Septembris saab k\u00fcsida toetust v\u00f5ro keele ja kultuuri \u00f5petamiseks - V\u00f5ru Instituut\",\"isPartOf\":{\"@id\":\"https:\\\/\\\/wi.ee\\\/et\\\/#website\"},\"datePublished\":\"2026-09-04T08:06:40+00:00\",\"dateModified\":\"2026-09-04T08:15:48+00:00\",\"breadcrumb\":{\"@id\":\"https:\\\/\\\/wi.ee\\\/et\\\/septembris-saab-kusida-toetust-voro-keele-ja-kultuuri-opetamiseks\\\/#breadcrumb\"},\"inLanguage\":\"et\",\"potentialAction\":[{\"@type\":\"ReadAction\",\"target\":[\"https:\\\/\\\/wi.ee\\\/et\\\/septembris-saab-kusida-toetust-voro-keele-ja-kultuuri-opetamiseks\\\/\"]}]},{\"@type\":\"BreadcrumbList\",\"@id\":\"https:\\\/\\\/wi.ee\\\/et\\\/septembris-saab-kusida-toetust-voro-keele-ja-kultuuri-opetamiseks\\\/#breadcrumb\",\"itemListElement\":[{\"@type\":\"ListItem\",\"position\":1,\"name\":\"Avaleht\",\"item\":\"https:\\\/\\\/wi.ee\\\/et\\\/\"},{\"@type\":\"ListItem\",\"position\":2,\"name\":\"Septembris saab k\u00fcsida toetust v\u00f5ro keele ja kultuuri \u00f5petamiseks\"}]},{\"@type\":\"WebSite\",\"@id\":\"https:\\\/\\\/wi.ee\\\/et\\\/#website\",\"url\":\"https:\\\/\\\/wi.ee\\\/et\\\/\",\"name\":\"V\u00f5ru Instituut\",\"description\":\"\",\"publisher\":{\"@id\":\"https:\\\/\\\/wi.ee\\\/et\\\/#organization\"},\"potentialAction\":[{\"@type\":\"SearchAction\",\"target\":{\"@type\":\"EntryPoint\",\"urlTemplate\":\"https:\\\/\\\/wi.ee\\\/et\\\/?s={search_term_string}\"},\"query-input\":{\"@type\":\"PropertyValueSpecification\",\"valueRequired\":true,\"valueName\":\"search_term_string\"}}],\"inLanguage\":\"et\"},{\"@type\":\"Organization\",\"@id\":\"https:\\\/\\\/wi.ee\\\/et\\\/#organization\",\"name\":\"V\u00f5ru Instituut\",\"url\":\"https:\\\/\\\/wi.ee\\\/et\\\/\",\"logo\":{\"@type\":\"ImageObject\",\"inLanguage\":\"et\",\"@id\":\"https:\\\/\\\/wi.ee\\\/et\\\/#\\\/schema\\\/logo\\\/image\\\/\",\"url\":\"https:\\\/\\\/wi.ee\\\/wp-content\\\/uploads\\\/2015\\\/05\\\/logo-150507.png\",\"contentUrl\":\"https:\\\/\\\/wi.ee\\\/wp-content\\\/uploads\\\/2015\\\/05\\\/logo-150507.png\",\"width\":183,\"height\":123,\"caption\":\"V\u00f5ru Instituut\"},\"image\":{\"@id\":\"https:\\\/\\\/wi.ee\\\/et\\\/#\\\/schema\\\/logo\\\/image\\\/\"},\"sameAs\":[\"https:\\\/\\\/www.facebook.com\\\/VoroInstituut\"]},{\"@type\":\"Person\",\"@id\":\"https:\\\/\\\/wi.ee\\\/et\\\/#\\\/schema\\\/person\\\/b81dc5c58127a4dd03edf577f75f8128\",\"name\":\"instituut\",\"image\":{\"@type\":\"ImageObject\",\"inLanguage\":\"et\",\"@id\":\"https:\\\/\\\/secure.gravatar.com\\\/avatar\\\/4d2b28afe96e9e7a5287e9f19b544b1f32a7bd8ddebcde1d69a5ebed74bbeed6?s=96&d=mm&r=g\",\"url\":\"https:\\\/\\\/secure.gravatar.com\\\/avatar\\\/4d2b28afe96e9e7a5287e9f19b544b1f32a7bd8ddebcde1d69a5ebed74bbeed6?s=96&d=mm&r=g\",\"contentUrl\":\"https:\\\/\\\/secure.gravatar.com\\\/avatar\\\/4d2b28afe96e9e7a5287e9f19b544b1f32a7bd8ddebcde1d69a5ebed74bbeed6?s=96&d=mm&r=g\",\"caption\":\"instituut\"},\"url\":\"https:\\\/\\\/wi.ee\\\/et\\\/author\\\/instituut\\\/\"}]}<\/script>\n<!-- \/ Yoast SEO plugin. -->","yoast_head_json":{"title":"Septembris saab k\u00fcsida toetust v\u00f5ro keele ja kultuuri \u00f5petamiseks - V\u00f5ru Instituut","robots":{"index":"index","follow":"follow","max-snippet":"max-snippet:-1","max-image-preview":"max-image-preview:large","max-video-preview":"max-video-preview:-1"},"canonical":"https:\/\/wi.ee\/et\/septembris-saab-kusida-toetust-voro-keele-ja-kultuuri-opetamiseks\/","og_locale":"et_EE","og_type":"article","og_title":"Septembris saab k\u00fcsida toetust v\u00f5ro keele ja kultuuri \u00f5petamiseks - V\u00f5ru Instituut","og_description":"Augusti l\u00f5pul sai vajalikud allkirjad kauaoodatud uus meede \u201eEesti keele piirkondlikku erikuju \u00f5petavate \u00f5petajate ja kultuuri\u00f5ppe toetamise tingimused ja kord\u201c, mis toetab n\u00fc\u00fcdsest v\u00e4ga selgelt koole ja lasteaedu kohaliku keele ning omakultuuri \u00f5petamisel. &nbsp; V\u00f5ro Instituut kutsub \u00fcles k\u00f5iki Vana-V\u00f5romaa koole ja lasteaedu seda v\u00f5imalust kasutama! Meetme raames saab k\u00fcsida toetust kahe erineva kulu katmiseks. [&hellip;]","og_url":"https:\/\/wi.ee\/et\/septembris-saab-kusida-toetust-voro-keele-ja-kultuuri-opetamiseks\/","og_site_name":"V\u00f5ru Instituut","article_publisher":"https:\/\/www.facebook.com\/VoroInstituut","article_published_time":"2026-09-04T08:06:40+00:00","article_modified_time":"2026-09-04T08:15:48+00:00","og_image":[{"width":183,"height":123,"url":"https:\/\/wi.ee\/wp-content\/uploads\/2015\/05\/logo-150507.png","type":"image\/png"}],"author":"instituut","twitter_misc":{"Kirjutanud":"instituut","Eeldatav lugemisaeg":"2 minutit"},"schema":{"@context":"https:\/\/schema.org","@graph":[{"@type":"Article","@id":"https:\/\/wi.ee\/et\/septembris-saab-kusida-toetust-voro-keele-ja-kultuuri-opetamiseks\/#article","isPartOf":{"@id":"https:\/\/wi.ee\/et\/septembris-saab-kusida-toetust-voro-keele-ja-kultuuri-opetamiseks\/"},"author":{"name":"instituut","@id":"https:\/\/wi.ee\/et\/#\/schema\/person\/b81dc5c58127a4dd03edf577f75f8128"},"headline":"Septembris saab k\u00fcsida toetust v\u00f5ro keele ja kultuuri \u00f5petamiseks","datePublished":"2026-09-04T08:06:40+00:00","dateModified":"2026-09-04T08:15:48+00:00","mainEntityOfPage":{"@id":"https:\/\/wi.ee\/et\/septembris-saab-kusida-toetust-voro-keele-ja-kultuuri-opetamiseks\/"},"wordCount":263,"publisher":{"@id":"https:\/\/wi.ee\/et\/#organization"},"articleSection":["Uncategorized"],"inLanguage":"et"},{"@type":"WebPage","@id":"https:\/\/wi.ee\/et\/septembris-saab-kusida-toetust-voro-keele-ja-kultuuri-opetamiseks\/","url":"https:\/\/wi.ee\/et\/septembris-saab-kusida-toetust-voro-keele-ja-kultuuri-opetamiseks\/","name":"Septembris saab k\u00fcsida toetust v\u00f5ro keele ja kultuuri \u00f5petamiseks - V\u00f5ru Instituut","isPartOf":{"@id":"https:\/\/wi.ee\/et\/#website"},"datePublished":"2026-09-04T08:06:40+00:00","dateModified":"2026-09-04T08:15:48+00:00","breadcrumb":{"@id":"https:\/\/wi.ee\/et\/septembris-saab-kusida-toetust-voro-keele-ja-kultuuri-opetamiseks\/#breadcrumb"},"inLanguage":"et","potentialAction":[{"@type":"ReadAction","target":["https:\/\/wi.ee\/et\/septembris-saab-kusida-toetust-voro-keele-ja-kultuuri-opetamiseks\/"]}]},{"@type":"BreadcrumbList","@id":"https:\/\/wi.ee\/et\/septembris-saab-kusida-toetust-voro-keele-ja-kultuuri-opetamiseks\/#breadcrumb","itemListElement":[{"@type":"ListItem","position":1,"name":"Avaleht","item":"https:\/\/wi.ee\/et\/"},{"@type":"ListItem","position":2,"name":"Septembris saab k\u00fcsida toetust v\u00f5ro keele ja kultuuri \u00f5petamiseks"}]},{"@type":"WebSite","@id":"https:\/\/wi.ee\/et\/#website","url":"https:\/\/wi.ee\/et\/","name":"V\u00f5ru Instituut","description":"","publisher":{"@id":"https:\/\/wi.ee\/et\/#organization"},"potentialAction":[{"@type":"SearchAction","target":{"@type":"EntryPoint","urlTemplate":"https:\/\/wi.ee\/et\/?s={search_term_string}"},"query-input":{"@type":"PropertyValueSpecification","valueRequired":true,"valueName":"search_term_string"}}],"inLanguage":"et"},{"@type":"Organization","@id":"https:\/\/wi.ee\/et\/#organization","name":"V\u00f5ru Instituut","url":"https:\/\/wi.ee\/et\/","logo":{"@type":"ImageObject","inLanguage":"et","@id":"https:\/\/wi.ee\/et\/#\/schema\/logo\/image\/","url":"https:\/\/wi.ee\/wp-content\/uploads\/2015\/05\/logo-150507.png","contentUrl":"https:\/\/wi.ee\/wp-content\/uploads\/2015\/05\/logo-150507.png","width":183,"height":123,"caption":"V\u00f5ru Instituut"},"image":{"@id":"https:\/\/wi.ee\/et\/#\/schema\/logo\/image\/"},"sameAs":["https:\/\/www.facebook.com\/VoroInstituut"]},{"@type":"Person","@id":"https:\/\/wi.ee\/et\/#\/schema\/person\/b81dc5c58127a4dd03edf577f75f8128","name":"instituut","image":{"@type":"ImageObject","inLanguage":"et","@id":"https:\/\/secure.gravatar.com\/avatar\/4d2b28afe96e9e7a5287e9f19b544b1f32a7bd8ddebcde1d69a5ebed74bbeed6?s=96&d=mm&r=g","url":"https:\/\/secure.gravatar.com\/avatar\/4d2b28afe96e9e7a5287e9f19b544b1f32a7bd8ddebcde1d69a5ebed74bbeed6?s=96&d=mm&r=g","contentUrl":"https:\/\/secure.gravatar.com\/avatar\/4d2b28afe96e9e7a5287e9f19b544b1f32a7bd8ddebcde1d69a5ebed74bbeed6?s=96&d=mm&r=g","caption":"instituut"},"url":"https:\/\/wi.ee\/et\/author\/instituut\/"}]}},"_links":{"self":[{"href":"https:\/\/wi.ee\/et\/wp-json\/wp\/v2\/posts\/18335","targetHints":{"allow":["GET"]}}],"collection":[{"href":"https:\/\/wi.ee\/et\/wp-json\/wp\/v2\/posts"}],"about":[{"href":"https:\/\/wi.ee\/et\/wp-json\/wp\/v2\/types\/post"}],"author":[{"embeddable":true,"href":"https:\/\/wi.ee\/et\/wp-json\/wp\/v2\/users\/2"}],"replies":[{"embeddable":true,"href":"https:\/\/wi.ee\/et\/wp-json\/wp\/v2\/comments?post=18335"}],"version-history":[{"count":2,"href":"https:\/\/wi.ee\/et\/wp-json\/wp\/v2\/posts\/18335\/revisions"}],"predecessor-version":[{"id":18337,"href":"https:\/\/wi.ee\/et\/wp-json\/wp\/v2\/posts\/18335\/revisions\/18337"}],"wp:attachment":[{"href":"https:\/\/wi.ee\/et\/wp-json\/wp\/v2\/media?parent=18335"}],"wp:term":[{"taxonomy":"category","embeddable":true,"href":"https:\/\/wi.ee\/et\/wp-json\/wp\/v2\/categories?post=18335"},{"taxonomy":"post_tag","embeddable":true,"href":"https:\/\/wi.ee\/et\/wp-json\/wp\/v2\/tags?post=18335"}],"curies":[{"name":"wp","href":"https:\/\/api.w.org\/{rel}","templated":true}]}}