{"id":1563,"date":"2016-03-15T15:20:05","date_gmt":"2016-03-15T13:20:05","guid":{"rendered":"https:\/\/wi.ee\/et\/?p=1563"},"modified":"2016-03-15T15:20:05","modified_gmt":"2016-03-15T13:20:05","slug":"2016-aasta-hindatiidmise-avvuhinna-saajad-selgunud","status":"publish","type":"post","link":"https:\/\/wi.ee\/et\/2016-aasta-hindatiidmise-avvuhinna-saajad-selgunud\/","title":{"rendered":"2016. aasta Hind\u00e4tiidmise avvuhinna  saajad selgunud"},"content":{"rendered":"<p>V\u00f5ru Instituudi ja Vana-V\u00f5rumaa maavalitsuste v\u00e4ljaantava <em>Hind\u00e4tiidmise<\/em> auhinna t\u00e4navused laureaadid on Mammaste Lasteaia ja Kooli keelepesa r\u00fchm, Mammaste Lasteaia ja Kooli teenekas v\u00f5ru keele ja kultuuri \u00f5petaja Marju Lepasson, Orava Kool ja V\u00f5rumaa Spordiliit.<\/p>\n<p>Kolmandat korda v\u00e4ljaantava auhinna andsid emakeelep\u00e4eval (14.03) \u00fcle P\u00f5lva maavanem Ulla Preeden ja V\u00f5ru maavanem Andres K\u00f5iv koos V\u00f5ru instituudiga P\u00f5lva-l\u00e4hedases Mammaste Lasteaia ja Kooli saalis. Pilte emakeelep\u00e4eva t\u00e4histamisest saab n\u00e4ha <u><a href=\"https:\/\/wi.ee\/2016-hindatiidmise-pildi\/\">siit<\/a><\/u>.<\/p>\n<p>Auhinnale esitati kuus kandidaati, t\u00e4navused laureaadid s\u00f5elus v\u00e4lja 4-liikmeline hindamiskogu kooseisus Aigi Pall (V\u00f5ru MV), Karin Viljus (P\u00f5lva MV), Inge Torop (P\u00f5lva lasteaed Mesimumm) ja Rainer Kuuba (V\u00f5ro Instituut).<\/p>\n<p>Hindamiskogu eestv\u00f5tja Rainer Kuuba s\u00f5nul olid k\u00f5ik t\u00e4navused kandidaadid igati v\u00f5rdv\u00e4\u00e4rsed ja laureaate v\u00e4lja s\u00f5eluda keeruline. \u00a0\u201eKuis sa taad hind\u00e4tiidmist iks sentimiitrega m\u00f5\u00f5dat, a no l\u00f5ppotsus kujusi seok\u00f5rd nimetet nel\u00e4 kasus \u2013 varrampa\u00a0om v\u00e4ll\u00e4 ant \u00f5nn\u00f5 kolm avvuhinda,\u201d r\u00e4\u00e4kis Kuuba. Tunnustust igati v\u00e4\u00e4rt kandidaadid olid ka M\u00f5niste Kool ja Metsavenna talu.<\/p>\n<p>Auhinnaks on Vana-V\u00f5romaa s\u00fcmboolikaga kirjatud kunstnik Epp Margna valmistatud t\u00e4nukiri ja kunstnik Anu Roosmaa valmistatud savist keepesa tsirk. Auhinnaga kaasneb sihtotstarbeline preemiaraha Rahvakultuuri Keskuselt (Vana V\u00f5rumaa kultuuriprogrammilt).<\/p>\n<p>Juba kolmandat korda tunnustavad V\u00f5ro Instituut koos P\u00f5lva ja V\u00f5ru maavalitsusega Vana-V\u00f5ruma lasteaedu, koole ja asutusi-ettev\u00f5tteid, kes on silmapaistvalt panustanud oma p\u00f5lise keele ja meele hoidmisse. Auhinda antakse v\u00e4lja iga kahe aasta j\u00e4rel.<\/p>\n<p>&nbsp;<\/p>\n<p>V\u00f5ru Instituut<\/p>\n<p>&nbsp;<\/p>\n<p>&nbsp;<\/p>\n","protected":false},"excerpt":{"rendered":"<p>V\u00f5ru Instituudi ja Vana-V\u00f5rumaa maavalitsuste v\u00e4ljaantava Hind\u00e4tiidmise auhinna t\u00e4navused laureaadid on Mammaste Lasteaia ja Kooli keelepesa r\u00fchm, Mammaste Lasteaia ja Kooli teenekas v\u00f5ru keele ja kultuuri \u00f5petaja Marju Lepasson, Orava Kool ja V\u00f5rumaa Spordiliit. Kolmandat korda v\u00e4ljaantava auhinna andsid emakeelep\u00e4eval (14.03) \u00fcle P\u00f5lva maavanem Ulla Preeden ja V\u00f5ru maavanem Andres K\u00f5iv koos V\u00f5ru instituudiga P\u00f5lva-l\u00e4hedases [&hellip;]<\/p>\n","protected":false},"author":2,"featured_media":0,"comment_status":"closed","ping_status":"open","sticky":false,"template":"","format":"standard","meta":{"_acf_changed":false,"footnotes":""},"categories":[1],"tags":[],"class_list":["post-1563","post","type-post","status-publish","format-standard","hentry","category-uncategorized"],"acf":[],"yoast_head":"<!-- This site is optimized with the Yoast SEO plugin v27.4 - https:\/\/yoast.com\/product\/yoast-seo-wordpress\/ -->\n<title>2016. aasta Hind\u00e4tiidmise avvuhinna saajad selgunud - V\u00f5ru Instituut<\/title>\n<meta name=\"robots\" content=\"index, follow, max-snippet:-1, max-image-preview:large, max-video-preview:-1\" \/>\n<link rel=\"canonical\" href=\"https:\/\/wi.ee\/et\/2016-aasta-hindatiidmise-avvuhinna-saajad-selgunud\/\" \/>\n<meta property=\"og:locale\" content=\"et_EE\" \/>\n<meta property=\"og:type\" content=\"article\" \/>\n<meta property=\"og:title\" content=\"2016. aasta Hind\u00e4tiidmise avvuhinna saajad selgunud - V\u00f5ru Instituut\" \/>\n<meta property=\"og:description\" content=\"V\u00f5ru Instituudi ja Vana-V\u00f5rumaa maavalitsuste v\u00e4ljaantava Hind\u00e4tiidmise auhinna t\u00e4navused laureaadid on Mammaste Lasteaia ja Kooli keelepesa r\u00fchm, Mammaste Lasteaia ja Kooli teenekas v\u00f5ru keele ja kultuuri \u00f5petaja Marju Lepasson, Orava Kool ja V\u00f5rumaa Spordiliit. Kolmandat korda v\u00e4ljaantava auhinna andsid emakeelep\u00e4eval (14.03) \u00fcle P\u00f5lva maavanem Ulla Preeden ja V\u00f5ru maavanem Andres K\u00f5iv koos V\u00f5ru instituudiga P\u00f5lva-l\u00e4hedases [&hellip;]\" \/>\n<meta property=\"og:url\" content=\"https:\/\/wi.ee\/et\/2016-aasta-hindatiidmise-avvuhinna-saajad-selgunud\/\" \/>\n<meta property=\"og:site_name\" content=\"V\u00f5ru Instituut\" \/>\n<meta property=\"article:publisher\" content=\"https:\/\/www.facebook.com\/VoroInstituut\" \/>\n<meta property=\"article:published_time\" content=\"2016-03-15T13:20:05+00:00\" \/>\n<meta property=\"og:image\" content=\"https:\/\/wi.ee\/wp-content\/uploads\/2015\/05\/logo-150507.png\" \/>\n\t<meta property=\"og:image:width\" content=\"183\" \/>\n\t<meta property=\"og:image:height\" content=\"123\" \/>\n\t<meta property=\"og:image:type\" content=\"image\/png\" \/>\n<meta name=\"author\" content=\"instituut\" \/>\n<meta name=\"twitter:label1\" content=\"Written by\" \/>\n\t<meta name=\"twitter:data1\" content=\"instituut\" \/>\n\t<meta name=\"twitter:label2\" content=\"Est. reading time\" \/>\n\t<meta name=\"twitter:data2\" content=\"1 minut\" \/>\n<script type=\"application\/ld+json\" class=\"yoast-schema-graph\">{\"@context\":\"https:\\\/\\\/schema.org\",\"@graph\":[{\"@type\":\"Article\",\"@id\":\"https:\\\/\\\/wi.ee\\\/et\\\/2016-aasta-hindatiidmise-avvuhinna-saajad-selgunud\\\/#article\",\"isPartOf\":{\"@id\":\"https:\\\/\\\/wi.ee\\\/et\\\/2016-aasta-hindatiidmise-avvuhinna-saajad-selgunud\\\/\"},\"author\":{\"name\":\"instituut\",\"@id\":\"https:\\\/\\\/wi.ee\\\/et\\\/#\\\/schema\\\/person\\\/b81dc5c58127a4dd03edf577f75f8128\"},\"headline\":\"2016. aasta Hind\u00e4tiidmise avvuhinna saajad selgunud\",\"datePublished\":\"2016-03-15T13:20:05+00:00\",\"mainEntityOfPage\":{\"@id\":\"https:\\\/\\\/wi.ee\\\/et\\\/2016-aasta-hindatiidmise-avvuhinna-saajad-selgunud\\\/\"},\"wordCount\":271,\"publisher\":{\"@id\":\"https:\\\/\\\/wi.ee\\\/et\\\/#organization\"},\"articleSection\":[\"Uncategorized\"],\"inLanguage\":\"et\"},{\"@type\":\"WebPage\",\"@id\":\"https:\\\/\\\/wi.ee\\\/et\\\/2016-aasta-hindatiidmise-avvuhinna-saajad-selgunud\\\/\",\"url\":\"https:\\\/\\\/wi.ee\\\/et\\\/2016-aasta-hindatiidmise-avvuhinna-saajad-selgunud\\\/\",\"name\":\"2016. aasta Hind\u00e4tiidmise avvuhinna saajad selgunud - V\u00f5ru Instituut\",\"isPartOf\":{\"@id\":\"https:\\\/\\\/wi.ee\\\/et\\\/#website\"},\"datePublished\":\"2016-03-15T13:20:05+00:00\",\"breadcrumb\":{\"@id\":\"https:\\\/\\\/wi.ee\\\/et\\\/2016-aasta-hindatiidmise-avvuhinna-saajad-selgunud\\\/#breadcrumb\"},\"inLanguage\":\"et\",\"potentialAction\":[{\"@type\":\"ReadAction\",\"target\":[\"https:\\\/\\\/wi.ee\\\/et\\\/2016-aasta-hindatiidmise-avvuhinna-saajad-selgunud\\\/\"]}]},{\"@type\":\"BreadcrumbList\",\"@id\":\"https:\\\/\\\/wi.ee\\\/et\\\/2016-aasta-hindatiidmise-avvuhinna-saajad-selgunud\\\/#breadcrumb\",\"itemListElement\":[{\"@type\":\"ListItem\",\"position\":1,\"name\":\"Avaleht\",\"item\":\"https:\\\/\\\/wi.ee\\\/et\\\/\"},{\"@type\":\"ListItem\",\"position\":2,\"name\":\"2016. aasta Hind\u00e4tiidmise avvuhinna saajad selgunud\"}]},{\"@type\":\"WebSite\",\"@id\":\"https:\\\/\\\/wi.ee\\\/et\\\/#website\",\"url\":\"https:\\\/\\\/wi.ee\\\/et\\\/\",\"name\":\"V\u00f5ru Instituut\",\"description\":\"\",\"publisher\":{\"@id\":\"https:\\\/\\\/wi.ee\\\/et\\\/#organization\"},\"potentialAction\":[{\"@type\":\"SearchAction\",\"target\":{\"@type\":\"EntryPoint\",\"urlTemplate\":\"https:\\\/\\\/wi.ee\\\/et\\\/?s={search_term_string}\"},\"query-input\":{\"@type\":\"PropertyValueSpecification\",\"valueRequired\":true,\"valueName\":\"search_term_string\"}}],\"inLanguage\":\"et\"},{\"@type\":\"Organization\",\"@id\":\"https:\\\/\\\/wi.ee\\\/et\\\/#organization\",\"name\":\"V\u00f5ru Instituut\",\"url\":\"https:\\\/\\\/wi.ee\\\/et\\\/\",\"logo\":{\"@type\":\"ImageObject\",\"inLanguage\":\"et\",\"@id\":\"https:\\\/\\\/wi.ee\\\/et\\\/#\\\/schema\\\/logo\\\/image\\\/\",\"url\":\"https:\\\/\\\/wi.ee\\\/wp-content\\\/uploads\\\/2015\\\/05\\\/logo-150507.png\",\"contentUrl\":\"https:\\\/\\\/wi.ee\\\/wp-content\\\/uploads\\\/2015\\\/05\\\/logo-150507.png\",\"width\":183,\"height\":123,\"caption\":\"V\u00f5ru Instituut\"},\"image\":{\"@id\":\"https:\\\/\\\/wi.ee\\\/et\\\/#\\\/schema\\\/logo\\\/image\\\/\"},\"sameAs\":[\"https:\\\/\\\/www.facebook.com\\\/VoroInstituut\"]},{\"@type\":\"Person\",\"@id\":\"https:\\\/\\\/wi.ee\\\/et\\\/#\\\/schema\\\/person\\\/b81dc5c58127a4dd03edf577f75f8128\",\"name\":\"instituut\",\"image\":{\"@type\":\"ImageObject\",\"inLanguage\":\"et\",\"@id\":\"https:\\\/\\\/secure.gravatar.com\\\/avatar\\\/4d2b28afe96e9e7a5287e9f19b544b1f32a7bd8ddebcde1d69a5ebed74bbeed6?s=96&d=mm&r=g\",\"url\":\"https:\\\/\\\/secure.gravatar.com\\\/avatar\\\/4d2b28afe96e9e7a5287e9f19b544b1f32a7bd8ddebcde1d69a5ebed74bbeed6?s=96&d=mm&r=g\",\"contentUrl\":\"https:\\\/\\\/secure.gravatar.com\\\/avatar\\\/4d2b28afe96e9e7a5287e9f19b544b1f32a7bd8ddebcde1d69a5ebed74bbeed6?s=96&d=mm&r=g\",\"caption\":\"instituut\"},\"url\":\"https:\\\/\\\/wi.ee\\\/et\\\/author\\\/instituut\\\/\"}]}<\/script>\n<!-- \/ Yoast SEO plugin. -->","yoast_head_json":{"title":"2016. aasta Hind\u00e4tiidmise avvuhinna saajad selgunud - V\u00f5ru Instituut","robots":{"index":"index","follow":"follow","max-snippet":"max-snippet:-1","max-image-preview":"max-image-preview:large","max-video-preview":"max-video-preview:-1"},"canonical":"https:\/\/wi.ee\/et\/2016-aasta-hindatiidmise-avvuhinna-saajad-selgunud\/","og_locale":"et_EE","og_type":"article","og_title":"2016. aasta Hind\u00e4tiidmise avvuhinna saajad selgunud - V\u00f5ru Instituut","og_description":"V\u00f5ru Instituudi ja Vana-V\u00f5rumaa maavalitsuste v\u00e4ljaantava Hind\u00e4tiidmise auhinna t\u00e4navused laureaadid on Mammaste Lasteaia ja Kooli keelepesa r\u00fchm, Mammaste Lasteaia ja Kooli teenekas v\u00f5ru keele ja kultuuri \u00f5petaja Marju Lepasson, Orava Kool ja V\u00f5rumaa Spordiliit. Kolmandat korda v\u00e4ljaantava auhinna andsid emakeelep\u00e4eval (14.03) \u00fcle P\u00f5lva maavanem Ulla Preeden ja V\u00f5ru maavanem Andres K\u00f5iv koos V\u00f5ru instituudiga P\u00f5lva-l\u00e4hedases [&hellip;]","og_url":"https:\/\/wi.ee\/et\/2016-aasta-hindatiidmise-avvuhinna-saajad-selgunud\/","og_site_name":"V\u00f5ru Instituut","article_publisher":"https:\/\/www.facebook.com\/VoroInstituut","article_published_time":"2016-03-15T13:20:05+00:00","og_image":[{"width":183,"height":123,"url":"https:\/\/wi.ee\/wp-content\/uploads\/2015\/05\/logo-150507.png","type":"image\/png"}],"author":"instituut","twitter_misc":{"Written by":"instituut","Est. reading time":"1 minut"},"schema":{"@context":"https:\/\/schema.org","@graph":[{"@type":"Article","@id":"https:\/\/wi.ee\/et\/2016-aasta-hindatiidmise-avvuhinna-saajad-selgunud\/#article","isPartOf":{"@id":"https:\/\/wi.ee\/et\/2016-aasta-hindatiidmise-avvuhinna-saajad-selgunud\/"},"author":{"name":"instituut","@id":"https:\/\/wi.ee\/et\/#\/schema\/person\/b81dc5c58127a4dd03edf577f75f8128"},"headline":"2016. aasta Hind\u00e4tiidmise avvuhinna saajad selgunud","datePublished":"2016-03-15T13:20:05+00:00","mainEntityOfPage":{"@id":"https:\/\/wi.ee\/et\/2016-aasta-hindatiidmise-avvuhinna-saajad-selgunud\/"},"wordCount":271,"publisher":{"@id":"https:\/\/wi.ee\/et\/#organization"},"articleSection":["Uncategorized"],"inLanguage":"et"},{"@type":"WebPage","@id":"https:\/\/wi.ee\/et\/2016-aasta-hindatiidmise-avvuhinna-saajad-selgunud\/","url":"https:\/\/wi.ee\/et\/2016-aasta-hindatiidmise-avvuhinna-saajad-selgunud\/","name":"2016. aasta Hind\u00e4tiidmise avvuhinna saajad selgunud - V\u00f5ru Instituut","isPartOf":{"@id":"https:\/\/wi.ee\/et\/#website"},"datePublished":"2016-03-15T13:20:05+00:00","breadcrumb":{"@id":"https:\/\/wi.ee\/et\/2016-aasta-hindatiidmise-avvuhinna-saajad-selgunud\/#breadcrumb"},"inLanguage":"et","potentialAction":[{"@type":"ReadAction","target":["https:\/\/wi.ee\/et\/2016-aasta-hindatiidmise-avvuhinna-saajad-selgunud\/"]}]},{"@type":"BreadcrumbList","@id":"https:\/\/wi.ee\/et\/2016-aasta-hindatiidmise-avvuhinna-saajad-selgunud\/#breadcrumb","itemListElement":[{"@type":"ListItem","position":1,"name":"Avaleht","item":"https:\/\/wi.ee\/et\/"},{"@type":"ListItem","position":2,"name":"2016. aasta Hind\u00e4tiidmise avvuhinna saajad selgunud"}]},{"@type":"WebSite","@id":"https:\/\/wi.ee\/et\/#website","url":"https:\/\/wi.ee\/et\/","name":"V\u00f5ru Instituut","description":"","publisher":{"@id":"https:\/\/wi.ee\/et\/#organization"},"potentialAction":[{"@type":"SearchAction","target":{"@type":"EntryPoint","urlTemplate":"https:\/\/wi.ee\/et\/?s={search_term_string}"},"query-input":{"@type":"PropertyValueSpecification","valueRequired":true,"valueName":"search_term_string"}}],"inLanguage":"et"},{"@type":"Organization","@id":"https:\/\/wi.ee\/et\/#organization","name":"V\u00f5ru Instituut","url":"https:\/\/wi.ee\/et\/","logo":{"@type":"ImageObject","inLanguage":"et","@id":"https:\/\/wi.ee\/et\/#\/schema\/logo\/image\/","url":"https:\/\/wi.ee\/wp-content\/uploads\/2015\/05\/logo-150507.png","contentUrl":"https:\/\/wi.ee\/wp-content\/uploads\/2015\/05\/logo-150507.png","width":183,"height":123,"caption":"V\u00f5ru Instituut"},"image":{"@id":"https:\/\/wi.ee\/et\/#\/schema\/logo\/image\/"},"sameAs":["https:\/\/www.facebook.com\/VoroInstituut"]},{"@type":"Person","@id":"https:\/\/wi.ee\/et\/#\/schema\/person\/b81dc5c58127a4dd03edf577f75f8128","name":"instituut","image":{"@type":"ImageObject","inLanguage":"et","@id":"https:\/\/secure.gravatar.com\/avatar\/4d2b28afe96e9e7a5287e9f19b544b1f32a7bd8ddebcde1d69a5ebed74bbeed6?s=96&d=mm&r=g","url":"https:\/\/secure.gravatar.com\/avatar\/4d2b28afe96e9e7a5287e9f19b544b1f32a7bd8ddebcde1d69a5ebed74bbeed6?s=96&d=mm&r=g","contentUrl":"https:\/\/secure.gravatar.com\/avatar\/4d2b28afe96e9e7a5287e9f19b544b1f32a7bd8ddebcde1d69a5ebed74bbeed6?s=96&d=mm&r=g","caption":"instituut"},"url":"https:\/\/wi.ee\/et\/author\/instituut\/"}]}},"_links":{"self":[{"href":"https:\/\/wi.ee\/et\/wp-json\/wp\/v2\/posts\/1563","targetHints":{"allow":["GET"]}}],"collection":[{"href":"https:\/\/wi.ee\/et\/wp-json\/wp\/v2\/posts"}],"about":[{"href":"https:\/\/wi.ee\/et\/wp-json\/wp\/v2\/types\/post"}],"author":[{"embeddable":true,"href":"https:\/\/wi.ee\/et\/wp-json\/wp\/v2\/users\/2"}],"replies":[{"embeddable":true,"href":"https:\/\/wi.ee\/et\/wp-json\/wp\/v2\/comments?post=1563"}],"version-history":[{"count":1,"href":"https:\/\/wi.ee\/et\/wp-json\/wp\/v2\/posts\/1563\/revisions"}],"predecessor-version":[{"id":1564,"href":"https:\/\/wi.ee\/et\/wp-json\/wp\/v2\/posts\/1563\/revisions\/1564"}],"wp:attachment":[{"href":"https:\/\/wi.ee\/et\/wp-json\/wp\/v2\/media?parent=1563"}],"wp:term":[{"taxonomy":"category","embeddable":true,"href":"https:\/\/wi.ee\/et\/wp-json\/wp\/v2\/categories?post=1563"},{"taxonomy":"post_tag","embeddable":true,"href":"https:\/\/wi.ee\/et\/wp-json\/wp\/v2\/tags?post=1563"}],"curies":[{"name":"wp","href":"https:\/\/api.w.org\/{rel}","templated":true}]}}