{"id":10263,"date":"2021-10-28T09:00:28","date_gmt":"2021-10-28T07:00:28","guid":{"rendered":"https:\/\/wi.ee\/?p=10263"},"modified":"2021-10-28T08:35:38","modified_gmt":"2021-10-28T06:35:38","slug":"kirev-pildisaak-vana-voromaa-fotojahilt","status":"publish","type":"post","link":"https:\/\/wi.ee\/et\/kirev-pildisaak-vana-voromaa-fotojahilt\/","title":{"rendered":"Kirev pildisaak Vana-V\u00f5romaa fotojahilt"},"content":{"rendered":"<p><strong>Simunap\u00e4evaks, 28. oktoobriks on kokku v\u00f5etud Vana-V\u00f5romaa fotojahi \u201eP\u00fcvv\u00e4 pildi p\u00e4\u00e4le!\u201c saak, selgunud on peaauhinna, rahvah\u00e4\u00e4letuse auhinna ning eriauhindade v\u00f5itjad.<\/strong><\/p>\n<p>Suve algusest kuni oktoobri keskpaigani sai veebilehel <a href=\"https:\/\/fotojaht.visitvoru.ee\/\">https:\/\/fotojaht.visitvoru.ee\/<\/a> esitada v\u00f5istlusele Vana-V\u00f5romaal tehtud fotosid, millel n\u00e4eb v\u00f5rokeste <em>ummamuudu<\/em> elu ja olemist. Jahi kogusaak oli 295 fotot, pilte laadisid lehele \u00fcles nii Vana-V\u00f5romaa elanikud kui ka selle piirkonna k\u00fclalised.<\/p>\n<p>Fotojahi v\u00f5idupildiks valiti foto \u201eTuleb, tuleb, kus ta p\u00e4\u00e4seb!\u201c, \u00a0autor Jaanus Mark. Humoorika ja <em>ummamuudu <\/em>hetke p\u00fc\u00fcdis \u201ejahimees\u201c pildile Paganamaal eelmisel suvel toimunud vaba\u00f5huetendusel. Fotosid hinnanud \u017e\u00fcrii liikmed leidsid, et pilt annab emotsionaalselt edasi selle kandi rahva ise hakkama saamist ja visadust. Peaauhinna v\u00e4\u00e4riline foto selgus viieliikmelise \u017e\u00fcrii antud punktide p\u00f5hjal. Hindasid Erkki Peetsalu (meediaekspert), Jan Rahman (V\u00f5ro Selts VKKF, Uma Leht; ajakirjanik, v\u00f5rok\u00f5n\u00f5), Kristi Vals (V\u00f5rumaa Arenduskeskus, kultuurispetsialist), Sander Silm (P\u00f5lvamaa Arenduskeskus, turunduse ja kommunikatsiooni spetsialist) ja Sven Zacek (fotograaf). Peaauhind on 300 euro v\u00e4\u00e4rtuses fotopoe kinkekaarte, et edaspidigi toredaid hetki piltidele j\u00e4\u00e4dvustada.<\/p>\n<p>Rahva lemmikuks osutus veebih\u00e4\u00e4letuse tulemusel Urmas Laanemaa foto \u201e\u00d5ppes\u00f5it\u201c, millega k\u00e4ib samuti kaasas vahva lugu. Pilt on tehtud aastaid tagasi, kui praegune s\u00f5idu\u00f5petaja \u00f5ppis ise m\u00e4nguauto roolis autojuhtimist. Rahvah\u00e4\u00e4letuse v\u00f5itja saab auhinnaks priske kotit\u00e4ie h\u00e4\u00e4d kohalikku toidukraami \u2013 Uma Meki m\u00e4rgiga tooteid.<\/p>\n<p>Fotojaht \u201eP\u00fcvv\u00e4 pildi p\u00e4\u00e4le!\u201c andis palju k\u00f5nekaid pilte, mis n\u00e4itavad Vana-V\u00f5romaa olemust ning elulaadi. \u017d\u00fcrii ja korraldusmeeskonna koost\u00f6\u00f6s anti v\u00e4lja kuus eripreemiat ning tunnustati veel viie foto autorit, kelle pildil avaneb <em>ummamuudu<\/em> vaatenurk paikkonna elulaadile. Eripreemiate nimetused on v\u00f5rukeelsed ning viitavad m\u00e4rgus\u00f5nadele, mille j\u00e4rgi Vana-V\u00f5romaad teatakse-tuntakse: <em>h\u00e4\u00e4 ummamuudu pilt<\/em> (Margit Suss), <em>s\u00fcnds\u00e4 sannapilt <\/em>(Tiina M\u00e4nne), <em>pilt, kon aigu om<\/em> (Kairi Kalmann), <em>meeleline maastigupilt<\/em> (Teodor Noor), <em>\u00fcllest alla kaemis\u00f5 pilt<\/em> (Risto Otsatalu) ning <em>p\u00f5lv\u00f5st p\u00f5lv\u00f5 elet\u00fc ja oltu<\/em> (Eleri Dr\u00e4btsinski).<\/p>\n<p>Esile t\u00f5steti veel fotot, mis <em>n\u00e4\u00fct\u00e4s maaello nii, kuis t\u00e4 \u00f5kva om<\/em> (Maikal Pikalev), fotot, mis <em>avitas meelen hoita hengeilma ja p\u00fch\u00e4paiku<\/em> (Matvii Skorobohatov), fotot, mis <em>n\u00e4\u00fct\u00e4s maaello vahts\u00f5t muudu<\/em> (Indrek Maripuu), fotot, <em>mille p\u00e4\u00e4le om p\u00fcvvet esier\u00e4line johtumin\u00f5<\/em> (T\u00f5nu Rebane), ja fotot<em>, kon om \u00fcles l\u00f6\u00fct\u00fc kunstiper\u00e4line kaemisnukk<\/em> (Silja Mall).<\/p>\n<p>Fotosid saab vaadata ja lisainfot leiab fotojahi veebilehelt: <a href=\"https:\/\/fotojaht.visitvoru.ee\/\">https:\/\/fotojaht.visitvoru.ee\/<\/a><\/p>\n<p>Fotojahilt kogutud pilte kasutatakse edaspidi Vana-V\u00f5romaa tutvustamisel nii veebimeedias kui ka tr\u00fckistes. Osa saagist j\u00e4\u00e4b hoiule Vana-V\u00f5romaa muuseumide fotoarhiivi.<\/p>\n<p>Vana-V\u00f5romaa fotojahti korraldasid SA P\u00f5lvamaa Arenduskeskus, SA V\u00f5rumaa Arenduskeskus ja V\u00f5ru Instituut. Korraldajad t\u00e4navad k\u00f5iki fotojahil osalenud piltnikke, k\u00f5ik osalejad saavad tunnustuseks e-t\u00e4nukirja.<\/p>\n<p>&nbsp;<\/p>\n<p>Lisainfo:<\/p>\n<p>K\u00fclli Eichenbaum<\/p>\n<p>V\u00f5ru Instituut<\/p>\n<p>tel 5661 1924<\/p>\n<p><a href=\"&#x6d;&#x61;&#105;&#108;&#116;o&#x3a;&#x6b;&#x79;&#108;&#108;i&#46;&#x65;&#x69;&#x63;&#104;&#101;n&#x62;&#x61;&#x75;&#109;&#64;&#119;i&#x2e;&#x65;&#x65;\">&#x6b;&#x79;&#108;&#108;i&#x2e;&#x65;&#x69;&#99;he&#x6e;&#x62;&#97;&#117;m&#x40;&#x77;&#x69;&#46;ee<\/a><\/p>\n<p>&nbsp;<\/p>\n<p>Kaisa \u00c4\u00e4rmaa<\/p>\n<p>V\u00f5rumaa Arenduskeskus<\/p>\n<p>tel 5698 4971<\/p>\n<p><a href=\"&#x6d;&#x61;&#x69;&#x6c;&#x74;&#x6f;&#58;&#107;&#97;&#105;sa&#46;a&#x61;&#x72;&#x6d;&#x61;&#x61;&#x40;&#118;&#111;&#114;&#117;&#109;aa&#46;&#x65;&#x65;\">&#x6b;&#97;&#105;s&#x61;&#x2e;&#97;a&#x72;&#x6d;&#97;a&#64;&#x76;&#111;&#114;u&#x6d;&#x61;&#97;&#46;&#x65;&#x65;<\/a><\/p>\n<p>&nbsp;<\/p>\n<p>&nbsp;<\/p>\n","protected":false},"excerpt":{"rendered":"<p>Simunap\u00e4evaks, 28. oktoobriks on kokku v\u00f5etud Vana-V\u00f5romaa fotojahi \u201eP\u00fcvv\u00e4 pildi p\u00e4\u00e4le!\u201c saak, selgunud on peaauhinna, rahvah\u00e4\u00e4letuse auhinna ning eriauhindade v\u00f5itjad. Suve algusest kuni oktoobri keskpaigani sai veebilehel https:\/\/fotojaht.visitvoru.ee\/ esitada v\u00f5istlusele Vana-V\u00f5romaal tehtud fotosid, millel n\u00e4eb v\u00f5rokeste ummamuudu elu ja olemist. Jahi kogusaak oli 295 fotot, pilte laadisid lehele \u00fcles nii Vana-V\u00f5romaa elanikud kui ka selle [&hellip;]<\/p>\n","protected":false},"author":2,"featured_media":0,"comment_status":"closed","ping_status":"open","sticky":false,"template":"","format":"standard","meta":{"_acf_changed":false,"footnotes":""},"categories":[17],"tags":[],"class_list":["post-10263","post","type-post","status-publish","format-standard","hentry","category-uncategorized-et"],"acf":[],"yoast_head":"<!-- This site is optimized with the Yoast SEO plugin v27.4 - https:\/\/yoast.com\/product\/yoast-seo-wordpress\/ -->\n<title>Kirev pildisaak Vana-V\u00f5romaa fotojahilt - V\u00f5ru Instituut<\/title>\n<meta name=\"robots\" content=\"index, follow, max-snippet:-1, max-image-preview:large, max-video-preview:-1\" \/>\n<link rel=\"canonical\" href=\"https:\/\/wi.ee\/et\/kirev-pildisaak-vana-voromaa-fotojahilt\/\" \/>\n<meta property=\"og:locale\" content=\"et_EE\" \/>\n<meta property=\"og:type\" content=\"article\" \/>\n<meta property=\"og:title\" content=\"Kirev pildisaak Vana-V\u00f5romaa fotojahilt - V\u00f5ru Instituut\" \/>\n<meta property=\"og:description\" content=\"Simunap\u00e4evaks, 28. oktoobriks on kokku v\u00f5etud Vana-V\u00f5romaa fotojahi \u201eP\u00fcvv\u00e4 pildi p\u00e4\u00e4le!\u201c saak, selgunud on peaauhinna, rahvah\u00e4\u00e4letuse auhinna ning eriauhindade v\u00f5itjad. Suve algusest kuni oktoobri keskpaigani sai veebilehel https:\/\/fotojaht.visitvoru.ee\/ esitada v\u00f5istlusele Vana-V\u00f5romaal tehtud fotosid, millel n\u00e4eb v\u00f5rokeste ummamuudu elu ja olemist. Jahi kogusaak oli 295 fotot, pilte laadisid lehele \u00fcles nii Vana-V\u00f5romaa elanikud kui ka selle [&hellip;]\" \/>\n<meta property=\"og:url\" content=\"https:\/\/wi.ee\/et\/kirev-pildisaak-vana-voromaa-fotojahilt\/\" \/>\n<meta property=\"og:site_name\" content=\"V\u00f5ru Instituut\" \/>\n<meta property=\"article:publisher\" content=\"https:\/\/www.facebook.com\/VoroInstituut\" \/>\n<meta property=\"article:published_time\" content=\"2021-10-28T07:00:28+00:00\" \/>\n<meta property=\"og:image\" content=\"https:\/\/wi.ee\/wp-content\/uploads\/2015\/05\/logo-150507.png\" \/>\n\t<meta property=\"og:image:width\" content=\"183\" \/>\n\t<meta property=\"og:image:height\" content=\"123\" \/>\n\t<meta property=\"og:image:type\" content=\"image\/png\" \/>\n<meta name=\"author\" content=\"instituut\" \/>\n<meta name=\"twitter:label1\" content=\"Written by\" \/>\n\t<meta name=\"twitter:data1\" content=\"instituut\" \/>\n\t<meta name=\"twitter:label2\" content=\"Est. reading time\" \/>\n\t<meta name=\"twitter:data2\" content=\"2 minutit\" \/>\n<script type=\"application\/ld+json\" class=\"yoast-schema-graph\">{\"@context\":\"https:\\\/\\\/schema.org\",\"@graph\":[{\"@type\":\"Article\",\"@id\":\"https:\\\/\\\/wi.ee\\\/et\\\/kirev-pildisaak-vana-voromaa-fotojahilt\\\/#article\",\"isPartOf\":{\"@id\":\"https:\\\/\\\/wi.ee\\\/et\\\/kirev-pildisaak-vana-voromaa-fotojahilt\\\/\"},\"author\":{\"name\":\"instituut\",\"@id\":\"https:\\\/\\\/wi.ee\\\/et\\\/#\\\/schema\\\/person\\\/b81dc5c58127a4dd03edf577f75f8128\"},\"headline\":\"Kirev pildisaak Vana-V\u00f5romaa fotojahilt\",\"datePublished\":\"2021-10-28T07:00:28+00:00\",\"mainEntityOfPage\":{\"@id\":\"https:\\\/\\\/wi.ee\\\/et\\\/kirev-pildisaak-vana-voromaa-fotojahilt\\\/\"},\"wordCount\":488,\"publisher\":{\"@id\":\"https:\\\/\\\/wi.ee\\\/et\\\/#organization\"},\"articleSection\":[\"Uncategorized\"],\"inLanguage\":\"et\"},{\"@type\":\"WebPage\",\"@id\":\"https:\\\/\\\/wi.ee\\\/et\\\/kirev-pildisaak-vana-voromaa-fotojahilt\\\/\",\"url\":\"https:\\\/\\\/wi.ee\\\/et\\\/kirev-pildisaak-vana-voromaa-fotojahilt\\\/\",\"name\":\"Kirev pildisaak Vana-V\u00f5romaa fotojahilt - V\u00f5ru Instituut\",\"isPartOf\":{\"@id\":\"https:\\\/\\\/wi.ee\\\/et\\\/#website\"},\"datePublished\":\"2021-10-28T07:00:28+00:00\",\"breadcrumb\":{\"@id\":\"https:\\\/\\\/wi.ee\\\/et\\\/kirev-pildisaak-vana-voromaa-fotojahilt\\\/#breadcrumb\"},\"inLanguage\":\"et\",\"potentialAction\":[{\"@type\":\"ReadAction\",\"target\":[\"https:\\\/\\\/wi.ee\\\/et\\\/kirev-pildisaak-vana-voromaa-fotojahilt\\\/\"]}]},{\"@type\":\"BreadcrumbList\",\"@id\":\"https:\\\/\\\/wi.ee\\\/et\\\/kirev-pildisaak-vana-voromaa-fotojahilt\\\/#breadcrumb\",\"itemListElement\":[{\"@type\":\"ListItem\",\"position\":1,\"name\":\"Avaleht\",\"item\":\"https:\\\/\\\/wi.ee\\\/et\\\/\"},{\"@type\":\"ListItem\",\"position\":2,\"name\":\"Kirev pildisaak Vana-V\u00f5romaa fotojahilt\"}]},{\"@type\":\"WebSite\",\"@id\":\"https:\\\/\\\/wi.ee\\\/et\\\/#website\",\"url\":\"https:\\\/\\\/wi.ee\\\/et\\\/\",\"name\":\"V\u00f5ru Instituut\",\"description\":\"\",\"publisher\":{\"@id\":\"https:\\\/\\\/wi.ee\\\/et\\\/#organization\"},\"potentialAction\":[{\"@type\":\"SearchAction\",\"target\":{\"@type\":\"EntryPoint\",\"urlTemplate\":\"https:\\\/\\\/wi.ee\\\/et\\\/?s={search_term_string}\"},\"query-input\":{\"@type\":\"PropertyValueSpecification\",\"valueRequired\":true,\"valueName\":\"search_term_string\"}}],\"inLanguage\":\"et\"},{\"@type\":\"Organization\",\"@id\":\"https:\\\/\\\/wi.ee\\\/et\\\/#organization\",\"name\":\"V\u00f5ru Instituut\",\"url\":\"https:\\\/\\\/wi.ee\\\/et\\\/\",\"logo\":{\"@type\":\"ImageObject\",\"inLanguage\":\"et\",\"@id\":\"https:\\\/\\\/wi.ee\\\/et\\\/#\\\/schema\\\/logo\\\/image\\\/\",\"url\":\"https:\\\/\\\/wi.ee\\\/wp-content\\\/uploads\\\/2015\\\/05\\\/logo-150507.png\",\"contentUrl\":\"https:\\\/\\\/wi.ee\\\/wp-content\\\/uploads\\\/2015\\\/05\\\/logo-150507.png\",\"width\":183,\"height\":123,\"caption\":\"V\u00f5ru Instituut\"},\"image\":{\"@id\":\"https:\\\/\\\/wi.ee\\\/et\\\/#\\\/schema\\\/logo\\\/image\\\/\"},\"sameAs\":[\"https:\\\/\\\/www.facebook.com\\\/VoroInstituut\"]},{\"@type\":\"Person\",\"@id\":\"https:\\\/\\\/wi.ee\\\/et\\\/#\\\/schema\\\/person\\\/b81dc5c58127a4dd03edf577f75f8128\",\"name\":\"instituut\",\"image\":{\"@type\":\"ImageObject\",\"inLanguage\":\"et\",\"@id\":\"https:\\\/\\\/secure.gravatar.com\\\/avatar\\\/4d2b28afe96e9e7a5287e9f19b544b1f32a7bd8ddebcde1d69a5ebed74bbeed6?s=96&d=mm&r=g\",\"url\":\"https:\\\/\\\/secure.gravatar.com\\\/avatar\\\/4d2b28afe96e9e7a5287e9f19b544b1f32a7bd8ddebcde1d69a5ebed74bbeed6?s=96&d=mm&r=g\",\"contentUrl\":\"https:\\\/\\\/secure.gravatar.com\\\/avatar\\\/4d2b28afe96e9e7a5287e9f19b544b1f32a7bd8ddebcde1d69a5ebed74bbeed6?s=96&d=mm&r=g\",\"caption\":\"instituut\"},\"url\":\"https:\\\/\\\/wi.ee\\\/et\\\/author\\\/instituut\\\/\"}]}<\/script>\n<!-- \/ Yoast SEO plugin. -->","yoast_head_json":{"title":"Kirev pildisaak Vana-V\u00f5romaa fotojahilt - V\u00f5ru Instituut","robots":{"index":"index","follow":"follow","max-snippet":"max-snippet:-1","max-image-preview":"max-image-preview:large","max-video-preview":"max-video-preview:-1"},"canonical":"https:\/\/wi.ee\/et\/kirev-pildisaak-vana-voromaa-fotojahilt\/","og_locale":"et_EE","og_type":"article","og_title":"Kirev pildisaak Vana-V\u00f5romaa fotojahilt - V\u00f5ru Instituut","og_description":"Simunap\u00e4evaks, 28. oktoobriks on kokku v\u00f5etud Vana-V\u00f5romaa fotojahi \u201eP\u00fcvv\u00e4 pildi p\u00e4\u00e4le!\u201c saak, selgunud on peaauhinna, rahvah\u00e4\u00e4letuse auhinna ning eriauhindade v\u00f5itjad. Suve algusest kuni oktoobri keskpaigani sai veebilehel https:\/\/fotojaht.visitvoru.ee\/ esitada v\u00f5istlusele Vana-V\u00f5romaal tehtud fotosid, millel n\u00e4eb v\u00f5rokeste ummamuudu elu ja olemist. Jahi kogusaak oli 295 fotot, pilte laadisid lehele \u00fcles nii Vana-V\u00f5romaa elanikud kui ka selle [&hellip;]","og_url":"https:\/\/wi.ee\/et\/kirev-pildisaak-vana-voromaa-fotojahilt\/","og_site_name":"V\u00f5ru Instituut","article_publisher":"https:\/\/www.facebook.com\/VoroInstituut","article_published_time":"2021-10-28T07:00:28+00:00","og_image":[{"width":183,"height":123,"url":"https:\/\/wi.ee\/wp-content\/uploads\/2015\/05\/logo-150507.png","type":"image\/png"}],"author":"instituut","twitter_misc":{"Written by":"instituut","Est. reading time":"2 minutit"},"schema":{"@context":"https:\/\/schema.org","@graph":[{"@type":"Article","@id":"https:\/\/wi.ee\/et\/kirev-pildisaak-vana-voromaa-fotojahilt\/#article","isPartOf":{"@id":"https:\/\/wi.ee\/et\/kirev-pildisaak-vana-voromaa-fotojahilt\/"},"author":{"name":"instituut","@id":"https:\/\/wi.ee\/et\/#\/schema\/person\/b81dc5c58127a4dd03edf577f75f8128"},"headline":"Kirev pildisaak Vana-V\u00f5romaa fotojahilt","datePublished":"2021-10-28T07:00:28+00:00","mainEntityOfPage":{"@id":"https:\/\/wi.ee\/et\/kirev-pildisaak-vana-voromaa-fotojahilt\/"},"wordCount":488,"publisher":{"@id":"https:\/\/wi.ee\/et\/#organization"},"articleSection":["Uncategorized"],"inLanguage":"et"},{"@type":"WebPage","@id":"https:\/\/wi.ee\/et\/kirev-pildisaak-vana-voromaa-fotojahilt\/","url":"https:\/\/wi.ee\/et\/kirev-pildisaak-vana-voromaa-fotojahilt\/","name":"Kirev pildisaak Vana-V\u00f5romaa fotojahilt - V\u00f5ru Instituut","isPartOf":{"@id":"https:\/\/wi.ee\/et\/#website"},"datePublished":"2021-10-28T07:00:28+00:00","breadcrumb":{"@id":"https:\/\/wi.ee\/et\/kirev-pildisaak-vana-voromaa-fotojahilt\/#breadcrumb"},"inLanguage":"et","potentialAction":[{"@type":"ReadAction","target":["https:\/\/wi.ee\/et\/kirev-pildisaak-vana-voromaa-fotojahilt\/"]}]},{"@type":"BreadcrumbList","@id":"https:\/\/wi.ee\/et\/kirev-pildisaak-vana-voromaa-fotojahilt\/#breadcrumb","itemListElement":[{"@type":"ListItem","position":1,"name":"Avaleht","item":"https:\/\/wi.ee\/et\/"},{"@type":"ListItem","position":2,"name":"Kirev pildisaak Vana-V\u00f5romaa fotojahilt"}]},{"@type":"WebSite","@id":"https:\/\/wi.ee\/et\/#website","url":"https:\/\/wi.ee\/et\/","name":"V\u00f5ru Instituut","description":"","publisher":{"@id":"https:\/\/wi.ee\/et\/#organization"},"potentialAction":[{"@type":"SearchAction","target":{"@type":"EntryPoint","urlTemplate":"https:\/\/wi.ee\/et\/?s={search_term_string}"},"query-input":{"@type":"PropertyValueSpecification","valueRequired":true,"valueName":"search_term_string"}}],"inLanguage":"et"},{"@type":"Organization","@id":"https:\/\/wi.ee\/et\/#organization","name":"V\u00f5ru Instituut","url":"https:\/\/wi.ee\/et\/","logo":{"@type":"ImageObject","inLanguage":"et","@id":"https:\/\/wi.ee\/et\/#\/schema\/logo\/image\/","url":"https:\/\/wi.ee\/wp-content\/uploads\/2015\/05\/logo-150507.png","contentUrl":"https:\/\/wi.ee\/wp-content\/uploads\/2015\/05\/logo-150507.png","width":183,"height":123,"caption":"V\u00f5ru Instituut"},"image":{"@id":"https:\/\/wi.ee\/et\/#\/schema\/logo\/image\/"},"sameAs":["https:\/\/www.facebook.com\/VoroInstituut"]},{"@type":"Person","@id":"https:\/\/wi.ee\/et\/#\/schema\/person\/b81dc5c58127a4dd03edf577f75f8128","name":"instituut","image":{"@type":"ImageObject","inLanguage":"et","@id":"https:\/\/secure.gravatar.com\/avatar\/4d2b28afe96e9e7a5287e9f19b544b1f32a7bd8ddebcde1d69a5ebed74bbeed6?s=96&d=mm&r=g","url":"https:\/\/secure.gravatar.com\/avatar\/4d2b28afe96e9e7a5287e9f19b544b1f32a7bd8ddebcde1d69a5ebed74bbeed6?s=96&d=mm&r=g","contentUrl":"https:\/\/secure.gravatar.com\/avatar\/4d2b28afe96e9e7a5287e9f19b544b1f32a7bd8ddebcde1d69a5ebed74bbeed6?s=96&d=mm&r=g","caption":"instituut"},"url":"https:\/\/wi.ee\/et\/author\/instituut\/"}]}},"_links":{"self":[{"href":"https:\/\/wi.ee\/et\/wp-json\/wp\/v2\/posts\/10263","targetHints":{"allow":["GET"]}}],"collection":[{"href":"https:\/\/wi.ee\/et\/wp-json\/wp\/v2\/posts"}],"about":[{"href":"https:\/\/wi.ee\/et\/wp-json\/wp\/v2\/types\/post"}],"author":[{"embeddable":true,"href":"https:\/\/wi.ee\/et\/wp-json\/wp\/v2\/users\/2"}],"replies":[{"embeddable":true,"href":"https:\/\/wi.ee\/et\/wp-json\/wp\/v2\/comments?post=10263"}],"version-history":[{"count":1,"href":"https:\/\/wi.ee\/et\/wp-json\/wp\/v2\/posts\/10263\/revisions"}],"predecessor-version":[{"id":10264,"href":"https:\/\/wi.ee\/et\/wp-json\/wp\/v2\/posts\/10263\/revisions\/10264"}],"wp:attachment":[{"href":"https:\/\/wi.ee\/et\/wp-json\/wp\/v2\/media?parent=10263"}],"wp:term":[{"taxonomy":"category","embeddable":true,"href":"https:\/\/wi.ee\/et\/wp-json\/wp\/v2\/categories?post=10263"},{"taxonomy":"post_tag","embeddable":true,"href":"https:\/\/wi.ee\/et\/wp-json\/wp\/v2\/tags?post=10263"}],"curies":[{"name":"wp","href":"https:\/\/api.w.org\/{rel}","templated":true}]}}