{"id":10037,"date":"2021-10-06T16:26:24","date_gmt":"2021-10-06T14:26:24","guid":{"rendered":"https:\/\/wi.ee\/?p=10037"},"modified":"2021-10-07T07:40:20","modified_gmt":"2021-10-07T05:40:20","slug":"voru-keele-agente-oodatakse-endast-marku-andma","status":"publish","type":"post","link":"https:\/\/wi.ee\/et\/voru-keele-agente-oodatakse-endast-marku-andma\/","title":{"rendered":"V\u00f5ru keele agente oodatakse endast m\u00e4rku andma"},"content":{"rendered":"<p><strong>V\u00f5ru Instituut kutsub h\u00e4id v\u00f5ru keele oskajaid ennast 1.\u20137. novembrini toimuva v\u00f5ru keele n\u00e4dala jaoks v\u00f5ru keele agendiks \u00fcles andma. Agent on eeskujuks v\u00f5ru keele igap\u00e4evase kasutamisega. <\/strong><\/p>\n<p>Facebooki v\u00f5ru keele grupi liikmed valisid v\u00f5ru keele n\u00e4dala selleaastaseks s\u00f5numiks <em>\u201eKiildke vai \u00e4r \u2013 ma iks k\u00f5n\u00f5l\u00f5!\u201c<\/em> (\u201eKeelake v\u00f5i \u00e4ra \u2013 ma r\u00e4\u00e4gin ikka!\u201c). K\u00e4imasoleva kampaania nn n\u00e4idisagent ja reklaamn\u00e4gu on tuntud muusik ja kirjanik, paljude eesti- ja v\u00f5rukeelsete laulude looja Aapo Ilves. Ilves haakus r\u00f5\u00f5muga vabaduse- ja protestivaimulise s\u00f5numiga ja \u00fctleb: <em>\u201eMa ol\u00f5 Ilvesse Aapo ja tii, mis taha. N\u00e4\u00fct\u00fcses k\u00f5n\u00f5l\u00f5 v\u00f5ro kiilt, ku taha, ja tii laul\u00f5, ku taha.\u201c<\/em> (\u201eMina olen Ilvese Aapo ja teen, mis tahan. N\u00e4iteks r\u00e4\u00e4gin v\u00f5ru keelt, kui tahan, ja teen laule, kui tahan.\u201c).<\/p>\n<p>V\u00f5ru keele agentide v\u00e4rbamise idee on p\u00e4rit l\u00e4inud aasta v\u00f5ru keele n\u00e4dalast. Mullused agendid olid aktiivsed ja julged, mitmed neist panid oma t\u00f6\u00f6koha uksele ja mujale v\u00f5rukeelseid silte ja teateid ning korraldasid t\u00f6\u00f6l v\u00f5i pereringis v\u00e4ikesi s\u00fcndmusi (\u00f5nneloos, lauam\u00e4ngud, jutuvestmine jne). Paljud j\u00e4tkasid v\u00f5ru keele igap\u00e4evast kasutamist ka p\u00e4rast v\u00f5ru keele n\u00e4dalat.<\/p>\n<p>\u201eL\u00e4inud aasta kogemus andis kinnitust, et v\u00f5ru keel on rahvakeel,\u201c meenutab kampaania korraldaja, V\u00f5ru Instituudi projektijuht Triin Toom. \u201eOotame kampaaniaga liituma nii endisi kui uusi agente. Agendiks v\u00f5ib ennast \u00fcles anda iga\u00fcks, kes oskab ja julgeb v\u00f5ru keelt r\u00e4\u00e4kida. Ei ole oluline, kas ta t\u00f6\u00f6tab sel ajal paljude inimeste ees, oma v\u00e4ikeses t\u00f6\u00f6kohas v\u00f5i p\u00e4ris kodus. Teistele saab eeskujuks olla ka n\u00e4iteks telefoniga k\u00f5neldes v\u00f5i sotsiaalmeedias v\u00f5ru keeles postitades.\u201c<\/p>\n<p>Mullu liitus agendikampaaniaga ligi 300 v\u00f5ru keele k\u00f5nelejat, k\u00f5ik nad kandsid numbrit 001 ja s\u00f5numit \u201e<em>Ma k\u00f5n\u00f5l\u00f5 v\u00f5ro kiilt. Mi\u00e4 on su sup\u00f5rpavv\u00f5r<\/em>?\u201c. T\u00e4navused agendid saavad juba numbri 002.<\/p>\n<p>Enda n\u00e4htavaks tegemiseks v\u00f5ib agent tellida rinnam\u00e4rgi \u201e<em>K\u00f5n\u00f5l\u00f5 mukka v\u00f5ro kiilt!<\/em>\u201c v\u00f5i kampaania s\u00f5numiga pikkade varrukatega T-s\u00e4rgi. Agente pannakse kirja 12. oktoobrini.<\/p>\n<h3><a href=\"https:\/\/wi.ee\/et\/tegemised\/voru-keele-nadal-2021\/\" target=\"_blank\" rel=\"noopener\"><strong><span style=\"color: #800000;\">V\u00f5ru keele n\u00e4dala tegemistest ja agendikampaaniast loe t\u00e4psemalt edasi SIIT.\u00a0<\/span><\/strong><\/a><\/h3>\n<p>Lisainfo:<\/p>\n<p><a href=\"&#109;&#x61;i&#108;&#x74;&#111;&#x3a;v&#111;&#x72;o&#x6b;&#x65;&#101;&#x6c;e&#97;&#x67;e&#x6e;&#x74;&#64;&#x77;i&#46;&#x65;&#101;\">&#x76;&#111;r&#x6f;&#x6b;&#101;e&#x6c;&#x65;&#97;g&#x65;&#x6e;&#116;&#64;&#x77;&#x69;&#46;e&#x65;<\/a><br \/>\ntel 5348 6982<\/p>\n<p>&nbsp;<\/p>\n","protected":false},"excerpt":{"rendered":"<p>V\u00f5ru Instituut kutsub h\u00e4id v\u00f5ru keele oskajaid ennast 1.\u20137. novembrini toimuva v\u00f5ru keele n\u00e4dala jaoks v\u00f5ru keele agendiks \u00fcles andma. Agent on eeskujuks v\u00f5ru keele igap\u00e4evase kasutamisega. Facebooki v\u00f5ru keele grupi liikmed valisid v\u00f5ru keele n\u00e4dala selleaastaseks s\u00f5numiks \u201eKiildke vai \u00e4r \u2013 ma iks k\u00f5n\u00f5l\u00f5!\u201c (\u201eKeelake v\u00f5i \u00e4ra \u2013 ma r\u00e4\u00e4gin ikka!\u201c). K\u00e4imasoleva kampaania nn [&hellip;]<\/p>\n","protected":false},"author":2,"featured_media":0,"comment_status":"closed","ping_status":"open","sticky":false,"template":"","format":"standard","meta":{"_acf_changed":false,"footnotes":""},"categories":[17],"tags":[],"class_list":["post-10037","post","type-post","status-publish","format-standard","hentry","category-uncategorized-et"],"acf":[],"yoast_head":"<!-- This site is optimized with the Yoast SEO plugin v27.4 - https:\/\/yoast.com\/product\/yoast-seo-wordpress\/ -->\n<title>V\u00f5ru keele agente oodatakse endast m\u00e4rku andma - V\u00f5ru Instituut<\/title>\n<meta name=\"robots\" content=\"index, follow, max-snippet:-1, max-image-preview:large, max-video-preview:-1\" \/>\n<link rel=\"canonical\" href=\"https:\/\/wi.ee\/et\/voru-keele-agente-oodatakse-endast-marku-andma\/\" \/>\n<meta property=\"og:locale\" content=\"et_EE\" \/>\n<meta property=\"og:type\" content=\"article\" \/>\n<meta property=\"og:title\" content=\"V\u00f5ru keele agente oodatakse endast m\u00e4rku andma - V\u00f5ru Instituut\" \/>\n<meta property=\"og:description\" content=\"V\u00f5ru Instituut kutsub h\u00e4id v\u00f5ru keele oskajaid ennast 1.\u20137. novembrini toimuva v\u00f5ru keele n\u00e4dala jaoks v\u00f5ru keele agendiks \u00fcles andma. Agent on eeskujuks v\u00f5ru keele igap\u00e4evase kasutamisega. Facebooki v\u00f5ru keele grupi liikmed valisid v\u00f5ru keele n\u00e4dala selleaastaseks s\u00f5numiks \u201eKiildke vai \u00e4r \u2013 ma iks k\u00f5n\u00f5l\u00f5!\u201c (\u201eKeelake v\u00f5i \u00e4ra \u2013 ma r\u00e4\u00e4gin ikka!\u201c). K\u00e4imasoleva kampaania nn [&hellip;]\" \/>\n<meta property=\"og:url\" content=\"https:\/\/wi.ee\/et\/voru-keele-agente-oodatakse-endast-marku-andma\/\" \/>\n<meta property=\"og:site_name\" content=\"V\u00f5ru Instituut\" \/>\n<meta property=\"article:publisher\" content=\"https:\/\/www.facebook.com\/VoroInstituut\" \/>\n<meta property=\"article:published_time\" content=\"2021-10-06T14:26:24+00:00\" \/>\n<meta property=\"article:modified_time\" content=\"2021-10-07T05:40:20+00:00\" \/>\n<meta property=\"og:image\" content=\"https:\/\/wi.ee\/wp-content\/uploads\/2015\/05\/logo-150507.png\" \/>\n\t<meta property=\"og:image:width\" content=\"183\" \/>\n\t<meta property=\"og:image:height\" content=\"123\" \/>\n\t<meta property=\"og:image:type\" content=\"image\/png\" \/>\n<meta name=\"author\" content=\"instituut\" \/>\n<meta name=\"twitter:label1\" content=\"Written by\" \/>\n\t<meta name=\"twitter:data1\" content=\"instituut\" \/>\n\t<meta name=\"twitter:label2\" content=\"Est. reading time\" \/>\n\t<meta name=\"twitter:data2\" content=\"2 minutit\" \/>\n<script type=\"application\/ld+json\" class=\"yoast-schema-graph\">{\"@context\":\"https:\\\/\\\/schema.org\",\"@graph\":[{\"@type\":\"Article\",\"@id\":\"https:\\\/\\\/wi.ee\\\/et\\\/voru-keele-agente-oodatakse-endast-marku-andma\\\/#article\",\"isPartOf\":{\"@id\":\"https:\\\/\\\/wi.ee\\\/et\\\/voru-keele-agente-oodatakse-endast-marku-andma\\\/\"},\"author\":{\"name\":\"instituut\",\"@id\":\"https:\\\/\\\/wi.ee\\\/et\\\/#\\\/schema\\\/person\\\/b81dc5c58127a4dd03edf577f75f8128\"},\"headline\":\"V\u00f5ru keele agente oodatakse endast m\u00e4rku andma\",\"datePublished\":\"2021-10-06T14:26:24+00:00\",\"dateModified\":\"2021-10-07T05:40:20+00:00\",\"mainEntityOfPage\":{\"@id\":\"https:\\\/\\\/wi.ee\\\/et\\\/voru-keele-agente-oodatakse-endast-marku-andma\\\/\"},\"wordCount\":395,\"publisher\":{\"@id\":\"https:\\\/\\\/wi.ee\\\/et\\\/#organization\"},\"articleSection\":[\"Uncategorized\"],\"inLanguage\":\"et\"},{\"@type\":\"WebPage\",\"@id\":\"https:\\\/\\\/wi.ee\\\/et\\\/voru-keele-agente-oodatakse-endast-marku-andma\\\/\",\"url\":\"https:\\\/\\\/wi.ee\\\/et\\\/voru-keele-agente-oodatakse-endast-marku-andma\\\/\",\"name\":\"V\u00f5ru keele agente oodatakse endast m\u00e4rku andma - V\u00f5ru Instituut\",\"isPartOf\":{\"@id\":\"https:\\\/\\\/wi.ee\\\/et\\\/#website\"},\"datePublished\":\"2021-10-06T14:26:24+00:00\",\"dateModified\":\"2021-10-07T05:40:20+00:00\",\"breadcrumb\":{\"@id\":\"https:\\\/\\\/wi.ee\\\/et\\\/voru-keele-agente-oodatakse-endast-marku-andma\\\/#breadcrumb\"},\"inLanguage\":\"et\",\"potentialAction\":[{\"@type\":\"ReadAction\",\"target\":[\"https:\\\/\\\/wi.ee\\\/et\\\/voru-keele-agente-oodatakse-endast-marku-andma\\\/\"]}]},{\"@type\":\"BreadcrumbList\",\"@id\":\"https:\\\/\\\/wi.ee\\\/et\\\/voru-keele-agente-oodatakse-endast-marku-andma\\\/#breadcrumb\",\"itemListElement\":[{\"@type\":\"ListItem\",\"position\":1,\"name\":\"Avaleht\",\"item\":\"https:\\\/\\\/wi.ee\\\/et\\\/\"},{\"@type\":\"ListItem\",\"position\":2,\"name\":\"V\u00f5ru keele agente oodatakse endast m\u00e4rku andma\"}]},{\"@type\":\"WebSite\",\"@id\":\"https:\\\/\\\/wi.ee\\\/et\\\/#website\",\"url\":\"https:\\\/\\\/wi.ee\\\/et\\\/\",\"name\":\"V\u00f5ru Instituut\",\"description\":\"\",\"publisher\":{\"@id\":\"https:\\\/\\\/wi.ee\\\/et\\\/#organization\"},\"potentialAction\":[{\"@type\":\"SearchAction\",\"target\":{\"@type\":\"EntryPoint\",\"urlTemplate\":\"https:\\\/\\\/wi.ee\\\/et\\\/?s={search_term_string}\"},\"query-input\":{\"@type\":\"PropertyValueSpecification\",\"valueRequired\":true,\"valueName\":\"search_term_string\"}}],\"inLanguage\":\"et\"},{\"@type\":\"Organization\",\"@id\":\"https:\\\/\\\/wi.ee\\\/et\\\/#organization\",\"name\":\"V\u00f5ru Instituut\",\"url\":\"https:\\\/\\\/wi.ee\\\/et\\\/\",\"logo\":{\"@type\":\"ImageObject\",\"inLanguage\":\"et\",\"@id\":\"https:\\\/\\\/wi.ee\\\/et\\\/#\\\/schema\\\/logo\\\/image\\\/\",\"url\":\"https:\\\/\\\/wi.ee\\\/wp-content\\\/uploads\\\/2015\\\/05\\\/logo-150507.png\",\"contentUrl\":\"https:\\\/\\\/wi.ee\\\/wp-content\\\/uploads\\\/2015\\\/05\\\/logo-150507.png\",\"width\":183,\"height\":123,\"caption\":\"V\u00f5ru Instituut\"},\"image\":{\"@id\":\"https:\\\/\\\/wi.ee\\\/et\\\/#\\\/schema\\\/logo\\\/image\\\/\"},\"sameAs\":[\"https:\\\/\\\/www.facebook.com\\\/VoroInstituut\"]},{\"@type\":\"Person\",\"@id\":\"https:\\\/\\\/wi.ee\\\/et\\\/#\\\/schema\\\/person\\\/b81dc5c58127a4dd03edf577f75f8128\",\"name\":\"instituut\",\"image\":{\"@type\":\"ImageObject\",\"inLanguage\":\"et\",\"@id\":\"https:\\\/\\\/secure.gravatar.com\\\/avatar\\\/4d2b28afe96e9e7a5287e9f19b544b1f32a7bd8ddebcde1d69a5ebed74bbeed6?s=96&d=mm&r=g\",\"url\":\"https:\\\/\\\/secure.gravatar.com\\\/avatar\\\/4d2b28afe96e9e7a5287e9f19b544b1f32a7bd8ddebcde1d69a5ebed74bbeed6?s=96&d=mm&r=g\",\"contentUrl\":\"https:\\\/\\\/secure.gravatar.com\\\/avatar\\\/4d2b28afe96e9e7a5287e9f19b544b1f32a7bd8ddebcde1d69a5ebed74bbeed6?s=96&d=mm&r=g\",\"caption\":\"instituut\"},\"url\":\"https:\\\/\\\/wi.ee\\\/et\\\/author\\\/instituut\\\/\"}]}<\/script>\n<!-- \/ Yoast SEO plugin. -->","yoast_head_json":{"title":"V\u00f5ru keele agente oodatakse endast m\u00e4rku andma - V\u00f5ru Instituut","robots":{"index":"index","follow":"follow","max-snippet":"max-snippet:-1","max-image-preview":"max-image-preview:large","max-video-preview":"max-video-preview:-1"},"canonical":"https:\/\/wi.ee\/et\/voru-keele-agente-oodatakse-endast-marku-andma\/","og_locale":"et_EE","og_type":"article","og_title":"V\u00f5ru keele agente oodatakse endast m\u00e4rku andma - V\u00f5ru Instituut","og_description":"V\u00f5ru Instituut kutsub h\u00e4id v\u00f5ru keele oskajaid ennast 1.\u20137. novembrini toimuva v\u00f5ru keele n\u00e4dala jaoks v\u00f5ru keele agendiks \u00fcles andma. Agent on eeskujuks v\u00f5ru keele igap\u00e4evase kasutamisega. Facebooki v\u00f5ru keele grupi liikmed valisid v\u00f5ru keele n\u00e4dala selleaastaseks s\u00f5numiks \u201eKiildke vai \u00e4r \u2013 ma iks k\u00f5n\u00f5l\u00f5!\u201c (\u201eKeelake v\u00f5i \u00e4ra \u2013 ma r\u00e4\u00e4gin ikka!\u201c). K\u00e4imasoleva kampaania nn [&hellip;]","og_url":"https:\/\/wi.ee\/et\/voru-keele-agente-oodatakse-endast-marku-andma\/","og_site_name":"V\u00f5ru Instituut","article_publisher":"https:\/\/www.facebook.com\/VoroInstituut","article_published_time":"2021-10-06T14:26:24+00:00","article_modified_time":"2021-10-07T05:40:20+00:00","og_image":[{"width":183,"height":123,"url":"https:\/\/wi.ee\/wp-content\/uploads\/2015\/05\/logo-150507.png","type":"image\/png"}],"author":"instituut","twitter_misc":{"Written by":"instituut","Est. reading time":"2 minutit"},"schema":{"@context":"https:\/\/schema.org","@graph":[{"@type":"Article","@id":"https:\/\/wi.ee\/et\/voru-keele-agente-oodatakse-endast-marku-andma\/#article","isPartOf":{"@id":"https:\/\/wi.ee\/et\/voru-keele-agente-oodatakse-endast-marku-andma\/"},"author":{"name":"instituut","@id":"https:\/\/wi.ee\/et\/#\/schema\/person\/b81dc5c58127a4dd03edf577f75f8128"},"headline":"V\u00f5ru keele agente oodatakse endast m\u00e4rku andma","datePublished":"2021-10-06T14:26:24+00:00","dateModified":"2021-10-07T05:40:20+00:00","mainEntityOfPage":{"@id":"https:\/\/wi.ee\/et\/voru-keele-agente-oodatakse-endast-marku-andma\/"},"wordCount":395,"publisher":{"@id":"https:\/\/wi.ee\/et\/#organization"},"articleSection":["Uncategorized"],"inLanguage":"et"},{"@type":"WebPage","@id":"https:\/\/wi.ee\/et\/voru-keele-agente-oodatakse-endast-marku-andma\/","url":"https:\/\/wi.ee\/et\/voru-keele-agente-oodatakse-endast-marku-andma\/","name":"V\u00f5ru keele agente oodatakse endast m\u00e4rku andma - V\u00f5ru Instituut","isPartOf":{"@id":"https:\/\/wi.ee\/et\/#website"},"datePublished":"2021-10-06T14:26:24+00:00","dateModified":"2021-10-07T05:40:20+00:00","breadcrumb":{"@id":"https:\/\/wi.ee\/et\/voru-keele-agente-oodatakse-endast-marku-andma\/#breadcrumb"},"inLanguage":"et","potentialAction":[{"@type":"ReadAction","target":["https:\/\/wi.ee\/et\/voru-keele-agente-oodatakse-endast-marku-andma\/"]}]},{"@type":"BreadcrumbList","@id":"https:\/\/wi.ee\/et\/voru-keele-agente-oodatakse-endast-marku-andma\/#breadcrumb","itemListElement":[{"@type":"ListItem","position":1,"name":"Avaleht","item":"https:\/\/wi.ee\/et\/"},{"@type":"ListItem","position":2,"name":"V\u00f5ru keele agente oodatakse endast m\u00e4rku andma"}]},{"@type":"WebSite","@id":"https:\/\/wi.ee\/et\/#website","url":"https:\/\/wi.ee\/et\/","name":"V\u00f5ru Instituut","description":"","publisher":{"@id":"https:\/\/wi.ee\/et\/#organization"},"potentialAction":[{"@type":"SearchAction","target":{"@type":"EntryPoint","urlTemplate":"https:\/\/wi.ee\/et\/?s={search_term_string}"},"query-input":{"@type":"PropertyValueSpecification","valueRequired":true,"valueName":"search_term_string"}}],"inLanguage":"et"},{"@type":"Organization","@id":"https:\/\/wi.ee\/et\/#organization","name":"V\u00f5ru Instituut","url":"https:\/\/wi.ee\/et\/","logo":{"@type":"ImageObject","inLanguage":"et","@id":"https:\/\/wi.ee\/et\/#\/schema\/logo\/image\/","url":"https:\/\/wi.ee\/wp-content\/uploads\/2015\/05\/logo-150507.png","contentUrl":"https:\/\/wi.ee\/wp-content\/uploads\/2015\/05\/logo-150507.png","width":183,"height":123,"caption":"V\u00f5ru Instituut"},"image":{"@id":"https:\/\/wi.ee\/et\/#\/schema\/logo\/image\/"},"sameAs":["https:\/\/www.facebook.com\/VoroInstituut"]},{"@type":"Person","@id":"https:\/\/wi.ee\/et\/#\/schema\/person\/b81dc5c58127a4dd03edf577f75f8128","name":"instituut","image":{"@type":"ImageObject","inLanguage":"et","@id":"https:\/\/secure.gravatar.com\/avatar\/4d2b28afe96e9e7a5287e9f19b544b1f32a7bd8ddebcde1d69a5ebed74bbeed6?s=96&d=mm&r=g","url":"https:\/\/secure.gravatar.com\/avatar\/4d2b28afe96e9e7a5287e9f19b544b1f32a7bd8ddebcde1d69a5ebed74bbeed6?s=96&d=mm&r=g","contentUrl":"https:\/\/secure.gravatar.com\/avatar\/4d2b28afe96e9e7a5287e9f19b544b1f32a7bd8ddebcde1d69a5ebed74bbeed6?s=96&d=mm&r=g","caption":"instituut"},"url":"https:\/\/wi.ee\/et\/author\/instituut\/"}]}},"_links":{"self":[{"href":"https:\/\/wi.ee\/et\/wp-json\/wp\/v2\/posts\/10037","targetHints":{"allow":["GET"]}}],"collection":[{"href":"https:\/\/wi.ee\/et\/wp-json\/wp\/v2\/posts"}],"about":[{"href":"https:\/\/wi.ee\/et\/wp-json\/wp\/v2\/types\/post"}],"author":[{"embeddable":true,"href":"https:\/\/wi.ee\/et\/wp-json\/wp\/v2\/users\/2"}],"replies":[{"embeddable":true,"href":"https:\/\/wi.ee\/et\/wp-json\/wp\/v2\/comments?post=10037"}],"version-history":[{"count":5,"href":"https:\/\/wi.ee\/et\/wp-json\/wp\/v2\/posts\/10037\/revisions"}],"predecessor-version":[{"id":10047,"href":"https:\/\/wi.ee\/et\/wp-json\/wp\/v2\/posts\/10037\/revisions\/10047"}],"wp:attachment":[{"href":"https:\/\/wi.ee\/et\/wp-json\/wp\/v2\/media?parent=10037"}],"wp:term":[{"taxonomy":"category","embeddable":true,"href":"https:\/\/wi.ee\/et\/wp-json\/wp\/v2\/categories?post=10037"},{"taxonomy":"post_tag","embeddable":true,"href":"https:\/\/wi.ee\/et\/wp-json\/wp\/v2\/tags?post=10037"}],"curies":[{"name":"wp","href":"https:\/\/api.w.org\/{rel}","templated":true}]}}